{"id":42440,"date":"2015-01-10T02:21:39","date_gmt":"2015-01-10T02:21:39","guid":{"rendered":null},"modified":"-0001-11-30T00:00:00","modified_gmt":"-0001-11-30T00:00:00","slug":"sanz-reiterates-the-need-for-compensation-for-providing-health-care-to-the-basques","status":"publish","type":"post","link":"https:\/\/www.best-dentist-dentistry.com\/de\/sanz-reiterates-the-need-for-compensation-for-providing-health-care-to-the-basques\/42440","title":{"rendered":"sanz reiterates the need for compensation for providing health care to the basques"},"content":{"rendered":"<p class=\"first\"> HARO (LA RIOJA), 20 (EUROPA PRESS)<\/p>\n<p>Der Pr\u00e4sident der Regierung von La Rioja, Pedro Sanz, hat heute Morgen bekr\u00e4ftigt die Notwendigkeit der &#8220;Entsch\u00e4digung&#8221;, die &#8220;aus dem Land Baskisch, der Regierung von Spanien, der Rioja ohne die weitere Dienstleistungen Gesundheit nicht bieten konnten. Und ist das Gesundheitswesen, sofern die Basken &#8220;sind weit \u00fcberlegen&#8221;, das baskische Land nach Rioja anbietet. <\/p>\n<p>Sanz hat diese Aussagen auf Fragen von Journalisten nach einem Treffen mit den B\u00fcrgermeistern von Haro. Denken Sie daran, dass die Gesundheit Kontroverse vor ein paar Monaten bei der Regierung brach von La Rioja aufgeh\u00f6rt, Patienten in mehreren Kommunen von Alava kam regelm\u00e4\u00dfig ins Krankenhaus San Pedro de Logro\u00f1o aufgrund seiner N\u00e4he zu besuchen.<\/p>\n<p>Der Anf\u00fchrer der La Rioja Executive auch darauf hingewiesen, dass &#8220;es eine Vereinbarung mit Kastilien-Le\u00f3n gibt, wobei B\u00fcrger in Soria und Burgos La Rioja inzwischen&#8221; und die Rioja [in kleiner Zahl] &#8220;gehen Sie zu Kastilien -Le\u00f3n].<\/p>\n<p>&#8220;<\/p>\n","protected":false},"excerpt":{"rendered":"<p>HARO (LA RIOJA), 20 (EUROPA PRESS) Der Pr\u00e4sident der Regierung von La Rioja, Pedro Sanz, hat heute Morgen bekr\u00e4ftigt die Notwendigkeit der &#8220;Entsch\u00e4digung&#8221;, die &#8220;aus dem Land Baskisch, der Regierung von Spanien, der Rioja ohne die weitere Dienstleistungen Gesundheit nicht bieten konnten. Und ist das Gesundheitswesen, sofern die Basken &#8220;sind weit \u00fcberlegen&#8221;, das baskische Land [&hellip;]<\/p>\n","protected":false},"author":1,"featured_media":0,"comment_status":"close","ping_status":"open","sticky":false,"template":"","format":"standard","meta":{"footnotes":""},"categories":[3],"tags":[50481],"class_list":["post-42440","post","type-post","status-publish","format-standard","hentry","category-allgemeine","tag-hoffmann-stiftung-join-krfte","et-doesnt-have-format-content","et_post_format-et-post-format-standard"],"_links":{"self":[{"href":"https:\/\/www.best-dentist-dentistry.com\/de\/wp-json\/wp\/v2\/posts\/42440","targetHints":{"allow":["GET"]}}],"collection":[{"href":"https:\/\/www.best-dentist-dentistry.com\/de\/wp-json\/wp\/v2\/posts"}],"about":[{"href":"https:\/\/www.best-dentist-dentistry.com\/de\/wp-json\/wp\/v2\/types\/post"}],"author":[{"embeddable":true,"href":"https:\/\/www.best-dentist-dentistry.com\/de\/wp-json\/wp\/v2\/users\/1"}],"replies":[{"embeddable":true,"href":"https:\/\/www.best-dentist-dentistry.com\/de\/wp-json\/wp\/v2\/comments?post=42440"}],"version-history":[{"count":0,"href":"https:\/\/www.best-dentist-dentistry.com\/de\/wp-json\/wp\/v2\/posts\/42440\/revisions"}],"wp:attachment":[{"href":"https:\/\/www.best-dentist-dentistry.com\/de\/wp-json\/wp\/v2\/media?parent=42440"}],"wp:term":[{"taxonomy":"category","embeddable":true,"href":"https:\/\/www.best-dentist-dentistry.com\/de\/wp-json\/wp\/v2\/categories?post=42440"},{"taxonomy":"post_tag","embeddable":true,"href":"https:\/\/www.best-dentist-dentistry.com\/de\/wp-json\/wp\/v2\/tags?post=42440"}],"curies":[{"name":"wp","href":"https:\/\/api.w.org\/{rel}","templated":true}]}}