{"id":42907,"date":"2015-06-10T02:20:19","date_gmt":"2015-06-10T02:20:19","guid":{"rendered":null},"modified":"-0001-11-30T00:00:00","modified_gmt":"-0001-11-30T00:00:00","slug":"psm-iv-exm-ensures-that-new-government-measures-allow-raise-pay-to-senior-health","status":"publish","type":"post","link":"https:\/\/www.best-dentist-dentistry.com\/de\/psm-iv-exm-ensures-that-new-government-measures-allow-raise-pay-to-senior-health\/42907","title":{"rendered":"PSM IV ExM sorgt daf\u00fcr, dass neue staatliche Ma\u00dfnahmen erh\u00f6hen Pay leitende Gesundheit erm\u00f6glichen"},"content":{"rendered":"<p class=\"first\"> sie sagen, die Regierung verlassen keine geben Sie f\u00fcr den Abzug der Einkommensteuer, Sie k\u00f6nnte evtl 60 Gesundheitsberufe<\/p>\n<p>PALMA DE MALLORCA, 12 (EUROPA PRESS)<\/p>\n<p>Der PSM-IV-ExM \/ Monat pro Menorca kritisiert die neuen Ma\u00dfnahmen genehmigt von der Consell de Govern Balear am vergangenen Freitag um Lohn-Aufstieg in die Gesch\u00e4ftsleitung der IbSalut und instrumental Einrichtungen des Ministeriums f\u00fcr Gesundheit, Familie und Soziales zu erm\u00f6glichen.<\/p>\n<p>Dar\u00fcber hinaus Mitglied der Fina Santiago-Koalition kritisiert der \u00fcbrigen Ma\u00dfnahmen als die Eliminierung von 15 Prozent der Einkommensteuer durch die Krankenversicherung private bei Menschen \u00e4lter als 65 Jahre, mit 65 % der behinderten Menschen oder Familien. In diesem Sinne erkl\u00e4rt, dass 3 Millionen die Gemeinschaft wird Sie nicht mehr eingeben k\u00f6nnte, z. B. Miete 60 Gesundheit Profis ein Jahr &#8220;f\u00fcr bestimmte Sonden Pflege.<\/p>\n<p>In Bezug auf die Einstellung der Juan Jos\u00e9 Bestard als Manager von der IbSalut, Santiago hielt, dass es &#8220;richtig&#8221;, obwohl &#8220;wir uns Argumente nicht glauben&#8221; bereitgestellt durch die Regierungsr\u00e4tin Carmen Castro. In diesem Sinne sagte Bestard erwies sich als eine Person &#8220;unable to einen Konsens mit der Industrie&#8221; und, die sie durchgef\u00fchrt &#8220;wenig reflektierende Aktionen&#8221;, die dann ge\u00e4ndert werden musste.<\/p>\n<p>Auch bedauert, in Bezug auf die Umstrukturierung der IbSalut, dass entweder die zehnte Decreto legislativo, die Regionalregierung und dass dies genehmigt auch die Struktur des Board of Directors \u00e4ndern, sodass seine Mitglieder auf Vorschlag der Sekret\u00e4r, der sich bestimmt werden soll, &#8220;Politisierung des IbSalut&#8221; wie mit IB3 gilt. Daher wird der PSM-IV-ExM vorschlagen, das auch integriert, die Opposition und die verkn\u00fcpften Entit\u00e4ten.<\/p>\n<p>Allerdings hat Santiago als gravierender ist die Tatsache, dass die Aufhebung der Antwort zu dieser Zeit k\u00f6nnte behaupten, die Verwaltung von Interventionen programmiert.<\/p>\n<p>Die Regierung hat &#8220;SHATTERED&#8221; Haushalte<\/p>\n<p>Ihrerseits Antoni Alorda erinnerte daran, dass der Pr\u00e4sident der Regierung, Jos\u00e9 Ram\u00f3n Bauz\u00e1, sagte, dass das Allheilmittel zur Beendigung der Krise das Budget von 2012 war &#8220;und hat sie bereits zerst\u00f6rt&#8221;, ebenso wie als er sagte, die Steuern erh\u00f6hen, &#8220;das Schlimmste war, aus der Krise hervorgehen&#8221;. &#8220;Uns hat betrogen&#8221;, kritisiert.<\/p>\n<p>Dar\u00fcber hinaus die parlamentarischen gefragt wie treffen sich die Regierung Defizit abzielen, wenn sie K\u00fcrzungen von rund 300 Millionen Euro verk\u00fcnden &#8220;und wei\u00df nicht, wo Plakate&#8221;. In diesem Sinne hat angedeutet, um den Eindruck haben, dass &#8220;wusste nicht noch was zu tun ist&#8221; nach dem Sprecher Biel Barcel\u00f3 Treffen mit dem Pr\u00e4sidenten.<\/p>\n<p>Erw\u00e4hnt auch die Probleme als die Interpellation auf freiwillige Unterbrechung der Schwangerschaft oder &#8220;Defizite in der Bildung&#8221; am Dienstag im Plenum diskutiert werden. &#8220;Die Regierung besorgt&#8221; \u00c4nderung der Name von Palma und &#8220;Dies Besorgnis reagiert keinem Notfall, sondern eine Fahne, will es als Episode in der Castilianization der Balearen&#8221;.<\/p>\n<p>Auf der anderen Seite die Sitzung besprechen Bill auf Wahlen Subventionen so dass &#8220;in der Reihenfolge dieser Zahlungen, die zu den Formationen in den Mai-Wahlen erzielten Ergebnisse erfolgen m\u00fcssen gelegt wird&#8221;.<\/p>\n","protected":false},"excerpt":{"rendered":"<p>sie sagen, die Regierung verlassen keine geben Sie f\u00fcr den Abzug der Einkommensteuer, Sie k\u00f6nnte evtl 60 Gesundheitsberufe PALMA DE MALLORCA, 12 (EUROPA PRESS) Der PSM-IV-ExM \/ Monat pro Menorca kritisiert die neuen Ma\u00dfnahmen genehmigt von der Consell de Govern Balear am vergangenen Freitag um Lohn-Aufstieg in die Gesch\u00e4ftsleitung der IbSalut und instrumental Einrichtungen des [&hellip;]<\/p>\n","protected":false},"author":1,"featured_media":0,"comment_status":"close","ping_status":"open","sticky":false,"template":"","format":"standard","meta":{"footnotes":""},"categories":[3],"tags":[50977],"class_list":["post-42907","post","type-post","status-publish","format-standard","hentry","category-allgemeine","tag-50977","et-doesnt-have-format-content","et_post_format-et-post-format-standard"],"_links":{"self":[{"href":"https:\/\/www.best-dentist-dentistry.com\/de\/wp-json\/wp\/v2\/posts\/42907","targetHints":{"allow":["GET"]}}],"collection":[{"href":"https:\/\/www.best-dentist-dentistry.com\/de\/wp-json\/wp\/v2\/posts"}],"about":[{"href":"https:\/\/www.best-dentist-dentistry.com\/de\/wp-json\/wp\/v2\/types\/post"}],"author":[{"embeddable":true,"href":"https:\/\/www.best-dentist-dentistry.com\/de\/wp-json\/wp\/v2\/users\/1"}],"replies":[{"embeddable":true,"href":"https:\/\/www.best-dentist-dentistry.com\/de\/wp-json\/wp\/v2\/comments?post=42907"}],"version-history":[{"count":0,"href":"https:\/\/www.best-dentist-dentistry.com\/de\/wp-json\/wp\/v2\/posts\/42907\/revisions"}],"wp:attachment":[{"href":"https:\/\/www.best-dentist-dentistry.com\/de\/wp-json\/wp\/v2\/media?parent=42907"}],"wp:term":[{"taxonomy":"category","embeddable":true,"href":"https:\/\/www.best-dentist-dentistry.com\/de\/wp-json\/wp\/v2\/categories?post=42907"},{"taxonomy":"post_tag","embeddable":true,"href":"https:\/\/www.best-dentist-dentistry.com\/de\/wp-json\/wp\/v2\/tags?post=42907"}],"curies":[{"name":"wp","href":"https:\/\/api.w.org\/{rel}","templated":true}]}}