{"id":43058,"date":"2015-08-05T02:21:27","date_gmt":"2015-08-05T02:21:27","guid":{"rendered":null},"modified":"-0001-11-30T00:00:00","modified_gmt":"-0001-11-30T00:00:00","slug":"ciu-asks-the-government-measures-being-taken-against-anorexia-and-bulimia-on-the-internet-and-media","status":"publish","type":"post","link":"https:\/\/www.best-dentist-dentistry.com\/de\/ciu-asks-the-government-measures-being-taken-against-anorexia-and-bulimia-on-the-internet-and-media\/43058","title":{"rendered":"ciu asks the government measures being taken against anorexia and bulimia on the internet and media"},"content":{"rendered":"<p class=\"first\"> MADRID, 18 (EUROPA PRESS)<\/p>\n<p>Die parlamentarische Gruppe Konvergenz und Union (CiU) hat eine Reihe von Fragen auf dem Kongress, wo er fordert die Regierung auf, die Ma\u00dfnahmen zu erkl\u00e4ren, die zur Bek\u00e4mpfung von Magersucht und Bulimie, in Bereichen wie soziale Netzwerke und Medien stattfinden wird, registriert<\/p>\n<p>The Deputy Carles Campuzano ich Canades, hat vier schriftliche Fragen, die durch Reuters, registriert in denen Anforderungen an die Ma\u00dfnahmen, die beabsichtigen, zur &#8220;Verh\u00fctung und Bek\u00e4mpfung wie Anorexie und Bulimie Essst\u00f6rungen&#8221; festgelegt, und, insbesondere im Bereich der Mode, vor allem &#8220;in Bezug auf die Gr\u00f6\u00dfe der Kleidung&#8221;; im Bereich der sozialen Netzwerke und das Internet; und Schlie\u00dflich in den Kommunikationsmedien.<\/p>\n<p>Zum gleichen Thema Campuzano ich Canades erwartet, dass die zentrale Exekutive zu reagieren, wie es den Vorschlag einer Gesetzesvorlage zur Bek\u00e4mpfung Essst\u00f6rungen (161\/002234) entsprechen, genehmigt durch den Ausschuss f\u00fcr Gesundheit, Sozialpolitik und Verbrauch, der vergangenen Legislaturperiode auf seiner Tagung am 25 Mai 2011.<\/p>\n<p>Auf der anderen Seite Mar\u00eda Concepci\u00f3 Tarruella Tom\u00e0s auch der CiU stellvertretender fordert die Regierung f\u00fcr die Ma\u00dfnahmen, die sie nehmen m\u00fcssen an die Bewegung, die aus Anfrage seiner Fraktion billigte am 16. M\u00e4rz 2010 im Kongress, um eine bessere Lebensqualit\u00e4t und Zugang zur Behandlung von seltenen Krankheiten betroffenen gleich zu f\u00f6rdern will.<\/p>\n","protected":false},"excerpt":{"rendered":"<p>MADRID, 18 (EUROPA PRESS) Die parlamentarische Gruppe Konvergenz und Union (CiU) hat eine Reihe von Fragen auf dem Kongress, wo er fordert die Regierung auf, die Ma\u00dfnahmen zu erkl\u00e4ren, die zur Bek\u00e4mpfung von Magersucht und Bulimie, in Bereichen wie soziale Netzwerke und Medien stattfinden wird, registriert The Deputy Carles Campuzano ich Canades, hat vier schriftliche [&hellip;]<\/p>\n","protected":false},"author":1,"featured_media":0,"comment_status":"close","ping_status":"open","sticky":false,"template":"","format":"standard","meta":{"footnotes":""},"categories":[3],"tags":[],"class_list":["post-43058","post","type-post","status-publish","format-standard","hentry","category-allgemeine","et-doesnt-have-format-content","et_post_format-et-post-format-standard"],"_links":{"self":[{"href":"https:\/\/www.best-dentist-dentistry.com\/de\/wp-json\/wp\/v2\/posts\/43058","targetHints":{"allow":["GET"]}}],"collection":[{"href":"https:\/\/www.best-dentist-dentistry.com\/de\/wp-json\/wp\/v2\/posts"}],"about":[{"href":"https:\/\/www.best-dentist-dentistry.com\/de\/wp-json\/wp\/v2\/types\/post"}],"author":[{"embeddable":true,"href":"https:\/\/www.best-dentist-dentistry.com\/de\/wp-json\/wp\/v2\/users\/1"}],"replies":[{"embeddable":true,"href":"https:\/\/www.best-dentist-dentistry.com\/de\/wp-json\/wp\/v2\/comments?post=43058"}],"version-history":[{"count":0,"href":"https:\/\/www.best-dentist-dentistry.com\/de\/wp-json\/wp\/v2\/posts\/43058\/revisions"}],"wp:attachment":[{"href":"https:\/\/www.best-dentist-dentistry.com\/de\/wp-json\/wp\/v2\/media?parent=43058"}],"wp:term":[{"taxonomy":"category","embeddable":true,"href":"https:\/\/www.best-dentist-dentistry.com\/de\/wp-json\/wp\/v2\/categories?post=43058"},{"taxonomy":"post_tag","embeddable":true,"href":"https:\/\/www.best-dentist-dentistry.com\/de\/wp-json\/wp\/v2\/tags?post=43058"}],"curies":[{"name":"wp","href":"https:\/\/api.w.org\/{rel}","templated":true}]}}