{"id":43242,"date":"2015-08-26T02:20:22","date_gmt":"2015-08-26T02:20:22","guid":{"rendered":null},"modified":"-0001-11-30T00:00:00","modified_gmt":"-0001-11-30T00:00:00","slug":"a-mother-calls-for-justice-for-his-daughter-abused-by-his-caretaker-now-escape","status":"publish","type":"post","link":"https:\/\/www.best-dentist-dentistry.com\/de\/a-mother-calls-for-justice-for-his-daughter-abused-by-his-caretaker-now-escape\/43242","title":{"rendered":"a mother calls for justice for his daughter abused by his caretaker now escape"},"content":{"rendered":"<p class=\"first\"> Madrid, 10 M\u00e4r (EFE).-&#8220;Ich glaube an Gerechtigkeit, aber ich will Gerechtigkeit mit meiner Tochter,&#8221; sagte EfE die Mutter eines M\u00e4dchens, mit nur 6 Monaten irreversible Verletzungen erlitten &#8211; blind und im Rollstuhl f\u00fcr das Leben &#8211; durch Missbrauch von seinem Hausmeister, die nach 9 Jahren im Gef\u00e4ngnis verurteilt hat weglaufen.<\/p>\n<p>Dieses M\u00e4dchen erlangte Bekanntheit im November letzten Jahres wann das provinzielle Gericht Madrid Clara Erika A.A. beurteilt, beschuldigt, sie zu missbrauchen, w\u00e4hrend er in der &#8220;Patera Kinderstube&#8221; Aufladen musste-also ohne eine Lizenz f\u00fcr diese T\u00e4tigkeit \u00fcben \u2014 befindet sich in einer Wohnung in Campoamor Clara Stra\u00dfe in Madrid-Stadtteil Carabanchel.<\/p>\n<p>Einen Monat nach der Ansicht war Clara Erika <\/p>\n<p>ein Verbrechen schwerer Verletzungen mit der erschwerende Umstand des Verrats f\u00fcr schuldig befunden und zu neun Jahren Haft verurteilt, im Gef\u00e4ngnis und 800.000 Euro Entsch\u00e4digung, sondern &#8220;das System ist fehlgeschlagen&#8221;, zu bezahlen, da wenn die Frau berichtet der Satz bereits das Leck gegeben hatte sagt EfE der Anwalt der Familie des Opfers , Antonio Serrano.<\/p>\n<p>Anwalt erkl\u00e4rt, dass die Verurteilten, ecuadorianischer Nationalit\u00e4t fehlt und dass dar\u00fcber hinaus einige Verm\u00f6genswerte, die einem Embargo belegt sind, so obwohl er geglaubt wird, um getan haben &#8220;alles rechtlich getan werden musste&#8221;, wenn die Beh\u00f6rden nicht finden es zahlt nicht f\u00fcr was er getan hat.<\/p>\n<p>Die Mutter des Minderj\u00e4hrigen, Celida, bolivianischen und dieser kam er nach Spanien in 2002 auf der Suche nach einem besseren Leben, keine Tr\u00e4nen enthalten eingedenk dessen, dass am 1. M\u00e4rz 2010 es st\u00fctzte sich auf eine gut bekannt, wer h\u00e4tte gedacht, dass betreut Kinder stundenlang einen Job als ein sauberer zu suchen, weil er arbeitslos war.<\/p>\n<p>Verlie\u00df ihr Baby in einem perfekten Zustand der Gesundheit, wie ein paar Stunden zuvor geschehen ist, es hatte f\u00fchrte sie zu einer medizinischen Routineuntersuchung &#8211; Ende best\u00e4tigt im Urteil des Arztes, der besucht es &#8211; aber ein paar Stunden nachdem Clara Erika aufgerufen ihr zu sagen, dass kleine hatte pl\u00f6tzlich ohnm\u00e4chtig.<\/p>\n<p>Mutter musste direkt ins Krankenhaus Doce de Octubre, zu gehen, wo das M\u00e4dchen am Rande des Todes f\u00fcr mehrere Tage durch eine schwere Sch\u00e4del-Hirn-Verletzungen und Retinal Einheiten war.<\/p>\n<p>Obwohl die Beklagte kurz darauf verhaftet wurde und vierzehn Tage in Untersuchungshaft verbrachte, M\u00e4rz 19 der Richter bestellte seine Kaution anh\u00e4ngigen Gerichtsverfahren weil wenig \u00fcberlebt hatten, wenn auch mit einer Behinderung von 70 Prozent.<\/p>\n<p>W\u00e4hrend der Verhandlung der Madrid, Clara Erika verweigert haben, schlug oder fiel auf den Boden, das M\u00e4dchen und nur best\u00e4tigt, dass sie es ersch\u00fcttert hatte, &#8220;damit Sie reagieren&#8221;.<\/p>\n<p>&#8220;War nie in Kontakt zu wissen, wie das M\u00e4dchen war&#8221;, sagte Celida, erinnert an die Studie Frauen lediglich sagen, da\u00df er &#8220;Filz durch was ich verbrachte&#8221; und stellt sicher, da\u00df sie und ihr Mann sind auch heute noch in psychologischer Behandlung, die Realit\u00e4t ihrer Tochter zu \u00fcberwinden: &#8220;Sie kann nicht laufen, nicht sehen und m\u00f6glicherweise geistige Retardierung&#8221;.<\/p>\n<p>&#8220;Manchmal kann es nicht glauben ich immer noch&#8221;, erkennt die Mutter mit gehauchten Vocals.<\/p>\n<p>Seinem Anwalt verwaltet, die Erika &#8220;ist verantwortlich f\u00fcr direkte&#8221; aus dem Status eines Minderj\u00e4hrigen, jetzt mit zweieinhalb Jahre alt, klar, aber stattdessen ist &#8220;frei&#8221; und &#8220;er hat keinen einzigen Euro bezahlte&#8221;.<\/p>\n<p>Klein und deine Eltern m\u00fcssen Lebensdauer &#8220;Wirtschaftshilfe&#8221; um voranzukommen, und in der Lage, einen Job mit Sorgfalt zu kombinieren, also Serrano beharrt auf Bitten der Beh\u00f6rden, gerichtlicher, soziale und staatliche &#8220;mitmachen&#8221; mit diesem Fall.<\/p>\n<p>&#8220;Angenommen, die Polizei es seit Januar &#8211; sucht wann der dritte Teil des Publikums Madrid stimmte zu seinem Eintritt ins Gef\u00e4ngnis und die entsprechenden Auftr\u00e4ge an den Sicherheitskr\u00e4ften geliefert, aber wir haben Vermutungen, die in Ihrem Land m\u00f6glicherweise&#8221; Trotz seinen Pass zur\u00fcckgezogen haben, betont die Anwalt.<\/p>\n<p>&#8220;Das einzige, was wir fordern ist, dass Beh\u00f6rden suchen ihr:&#8221; der Anwalt und die Mutter der kleinen noch einmal bestehen.<\/p>\n","protected":false},"excerpt":{"rendered":"<p>Madrid, 10 M\u00e4r (EFE).-&#8220;Ich glaube an Gerechtigkeit, aber ich will Gerechtigkeit mit meiner Tochter,&#8221; sagte EfE die Mutter eines M\u00e4dchens, mit nur 6 Monaten irreversible Verletzungen erlitten &#8211; blind und im Rollstuhl f\u00fcr das Leben &#8211; durch Missbrauch von seinem Hausmeister, die nach 9 Jahren im Gef\u00e4ngnis verurteilt hat weglaufen. Dieses M\u00e4dchen erlangte Bekanntheit im [&hellip;]<\/p>\n","protected":false},"author":1,"featured_media":0,"comment_status":"close","ping_status":"open","sticky":false,"template":"","format":"standard","meta":{"footnotes":""},"categories":[3],"tags":[51366],"class_list":["post-43242","post","type-post","status-publish","format-standard","hentry","category-allgemeine","tag-gn-usergenerated","et-doesnt-have-format-content","et_post_format-et-post-format-standard"],"_links":{"self":[{"href":"https:\/\/www.best-dentist-dentistry.com\/de\/wp-json\/wp\/v2\/posts\/43242","targetHints":{"allow":["GET"]}}],"collection":[{"href":"https:\/\/www.best-dentist-dentistry.com\/de\/wp-json\/wp\/v2\/posts"}],"about":[{"href":"https:\/\/www.best-dentist-dentistry.com\/de\/wp-json\/wp\/v2\/types\/post"}],"author":[{"embeddable":true,"href":"https:\/\/www.best-dentist-dentistry.com\/de\/wp-json\/wp\/v2\/users\/1"}],"replies":[{"embeddable":true,"href":"https:\/\/www.best-dentist-dentistry.com\/de\/wp-json\/wp\/v2\/comments?post=43242"}],"version-history":[{"count":0,"href":"https:\/\/www.best-dentist-dentistry.com\/de\/wp-json\/wp\/v2\/posts\/43242\/revisions"}],"wp:attachment":[{"href":"https:\/\/www.best-dentist-dentistry.com\/de\/wp-json\/wp\/v2\/media?parent=43242"}],"wp:term":[{"taxonomy":"category","embeddable":true,"href":"https:\/\/www.best-dentist-dentistry.com\/de\/wp-json\/wp\/v2\/categories?post=43242"},{"taxonomy":"post_tag","embeddable":true,"href":"https:\/\/www.best-dentist-dentistry.com\/de\/wp-json\/wp\/v2\/tags?post=43242"}],"curies":[{"name":"wp","href":"https:\/\/api.w.org\/{rel}","templated":true}]}}