{"id":43429,"date":"2015-10-31T02:21:35","date_gmt":"2015-10-31T02:21:35","guid":{"rendered":null},"modified":"-0001-11-30T00:00:00","modified_gmt":"-0001-11-30T00:00:00","slug":"the-president-of-la-rioja-reiterates-the-need-for-compensation-for-providing-health-care-to-the-basques","status":"publish","type":"post","link":"https:\/\/www.best-dentist-dentistry.com\/de\/the-president-of-la-rioja-reiterates-the-need-for-compensation-for-providing-health-care-to-the-basques\/43429","title":{"rendered":"the-president-of-la-rioja-reiterates-the-need-for-compensation-for-providing-health-care-to-the-basques"},"content":{"rendered":"<p class=\"first\"> HARO (LA RIOJA), 20 (EUROPA PRESS)<\/p>\n<p>Der Pr\u00e4sident der Regierung von La Rioja, Pedro Sanz, hat heute Morgen bekr\u00e4ftigte die Notwendigkeit einer &#8220;Entsch\u00e4digung&#8221;, die &#8220;aus dem Land Baskisch, der Regierung von Spanien, der Rioja ohne die weitere Dienstleistungen Gesundheit nicht bieten konnten. Und ist, dass die Gesundheitsdienste, vorausgesetzt die Basken &#8220;sind weit \u00fcberlegen&#8221;, das baskische Land nach Rioja anbietet. <\/p>\n<p>Sanz hat diese Aussagen auf Fragen von Journalisten nach einem Treffen mit den B\u00fcrgermeistern von Haro. Beachten Sie, dass vor ein paar Monaten die Gesundheit Kontroverse wenn der Regierung La Rioja aufgeh\u00f6rt ausbrach, um Patienten in mehreren Kommunen von Alava zu k\u00fcmmern, die regelm\u00e4\u00dfig das Krankenhaus San Pedro de Logro\u00f1o wegen seiner N\u00e4he kam.<\/p>\n<p>Der Anf\u00fchrer der La Rioja Executive auch darauf hingewiesen, dass &#8220;es eine Vereinbarung mit Kastilien-Le\u00f3n gibt, wobei B\u00fcrger von Soria und Burgos, La Rioja kommen&#8221; und die Rioja [in kleiner Zahl] &#8220;Gehe zu Kastilien und Le\u00f3n].<\/p>\n<p>&#8220;<\/p>\n","protected":false},"excerpt":{"rendered":"<p>HARO (LA RIOJA), 20 (EUROPA PRESS) Der Pr\u00e4sident der Regierung von La Rioja, Pedro Sanz, hat heute Morgen bekr\u00e4ftigte die Notwendigkeit einer &#8220;Entsch\u00e4digung&#8221;, die &#8220;aus dem Land Baskisch, der Regierung von Spanien, der Rioja ohne die weitere Dienstleistungen Gesundheit nicht bieten konnten. Und ist, dass die Gesundheitsdienste, vorausgesetzt die Basken &#8220;sind weit \u00fcberlegen&#8221;, das baskische [&hellip;]<\/p>\n","protected":false},"author":1,"featured_media":0,"comment_status":"close","ping_status":"open","sticky":false,"template":"","format":"standard","meta":{"footnotes":""},"categories":[3],"tags":[51438],"class_list":["post-43429","post","type-post","status-publish","format-standard","hentry","category-allgemeine","tag-usergenerated","et-doesnt-have-format-content","et_post_format-et-post-format-standard"],"_links":{"self":[{"href":"https:\/\/www.best-dentist-dentistry.com\/de\/wp-json\/wp\/v2\/posts\/43429","targetHints":{"allow":["GET"]}}],"collection":[{"href":"https:\/\/www.best-dentist-dentistry.com\/de\/wp-json\/wp\/v2\/posts"}],"about":[{"href":"https:\/\/www.best-dentist-dentistry.com\/de\/wp-json\/wp\/v2\/types\/post"}],"author":[{"embeddable":true,"href":"https:\/\/www.best-dentist-dentistry.com\/de\/wp-json\/wp\/v2\/users\/1"}],"replies":[{"embeddable":true,"href":"https:\/\/www.best-dentist-dentistry.com\/de\/wp-json\/wp\/v2\/comments?post=43429"}],"version-history":[{"count":0,"href":"https:\/\/www.best-dentist-dentistry.com\/de\/wp-json\/wp\/v2\/posts\/43429\/revisions"}],"wp:attachment":[{"href":"https:\/\/www.best-dentist-dentistry.com\/de\/wp-json\/wp\/v2\/media?parent=43429"}],"wp:term":[{"taxonomy":"category","embeddable":true,"href":"https:\/\/www.best-dentist-dentistry.com\/de\/wp-json\/wp\/v2\/categories?post=43429"},{"taxonomy":"post_tag","embeddable":true,"href":"https:\/\/www.best-dentist-dentistry.com\/de\/wp-json\/wp\/v2\/tags?post=43429"}],"curies":[{"name":"wp","href":"https:\/\/api.w.org\/{rel}","templated":true}]}}