{"id":43504,"date":"2016-01-23T02:21:54","date_gmt":"2016-01-23T02:21:54","guid":{"rendered":null},"modified":"-0001-11-30T00:00:00","modified_gmt":"-0001-11-30T00:00:00","slug":"the-psoe-said-that-the-suspension-of-the-law-of-dependence-affects-patients-with-down","status":"publish","type":"post","link":"https:\/\/www.best-dentist-dentistry.com\/de\/the-psoe-said-that-the-suspension-of-the-law-of-dependence-affects-patients-with-down\/43504","title":{"rendered":"the-psoe-said-that-the-suspension-of-the-law-of-dependence-affects-patients-with-down"},"content":{"rendered":"<p class=\"first\"> <span class=\"yshortcuts\" id=\"lw_1332338308_0\"> Madrid<\/span>, 21 M\u00e4r (<span class=\"yshortcuts\" id=\"lw_1332338308_1\"> EFE<\/span>).-der <span class=\"yshortcuts\" id=\"lw_1332338308_2\"> PSOE<\/span> angeprangert, dass Menschen mit <span class=\"yshortcuts\" id=\"lw_1332338308_4\"> Down-Syndrom<\/span> &#8220;l\u00e4hmende&#8221; das Gesetz der <span class=\"yshortcuts\" id=\"lw_1332338308_3\"> Abh\u00e4ngigkeit<\/span> besonders betroffen sind.<\/p>\n<p>Am <span class=\"yshortcuts\" id=\"lw_1332338308_5\"> Welttag<\/span> der <span class=\"yshortcuts\" id=\"lw_1332338308_6\"> Down-Syndrom<\/span>, hat der <span class=\"yshortcuts\" id=\"lw_1332338308_7\"> Generalsekret\u00e4r<\/span> der PSOE, Trinidad Jim\u00e9nez, <span class=\"yshortcuts\" id=\"lw_1332338308_8\"> Sozialpolitik<\/span> sichergestellt, dass das Ziel der vollst\u00e4ndigen Integration dieses Kollektivs &#8220;stark mit der Entwicklung von Leistungen nach dem Recht der Abh\u00e4ngigkeit beg\u00fcnstigt werden w\u00fcrde&#8221;.<\/p>\n<p>In einer Erkl\u00e4rung der sozialistischen Kopf erkl\u00e4rte, dass die Entscheidung um ein Jahr verz\u00f6gert den Eintrag neuer Benutzer der ich grade &#8220;schadet vor allem Menschen mit Down-Syndrom da es ein Recht als B\u00fcrger unterbricht er genossen oder hatten Zugang&#8221;.<\/p>\n<p>&#8220;Rajoy Regierung im Bereich der Sozialpolitik Schnitte sind besonders schwerwiegend, aber bei dieser Gruppe sind sehr wichtig, weil sie Menschen in Situationen der moderate Abh\u00e4ngigkeit die ist beeinflussen, wo die meisten handeln k\u00f6nnen, F\u00f6rderung der pers\u00f6nlichen Autonomie, um eine Verschlimmerung der Situation der Abh\u00e4ngigkeit zu verhindern oder sogar Ihre Situation der Abh\u00e4ngigkeit umkehren&#8221; , sagt.<\/p>\n<p>An diesem Tag wurde der Sozialistenf\u00fchrer \u00fcbertragen, eine Nachricht f\u00fcr die vollst\u00e4ndige Integration von Personen mit Syndrom von unten in Spanien.<\/p>\n","protected":false},"excerpt":{"rendered":"<p>Madrid, 21 M\u00e4r ( EFE).-der PSOE angeprangert, dass Menschen mit Down-Syndrom &#8220;l\u00e4hmende&#8221; das Gesetz der Abh\u00e4ngigkeit besonders betroffen sind. Am Welttag der Down-Syndrom, hat der Generalsekret\u00e4r der PSOE, Trinidad Jim\u00e9nez, Sozialpolitik sichergestellt, dass das Ziel der vollst\u00e4ndigen Integration dieses Kollektivs &#8220;stark mit der Entwicklung von Leistungen nach dem Recht der Abh\u00e4ngigkeit beg\u00fcnstigt werden w\u00fcrde&#8221;. In [&hellip;]<\/p>\n","protected":false},"author":1,"featured_media":0,"comment_status":"close","ping_status":"open","sticky":false,"template":"","format":"standard","meta":{"footnotes":""},"categories":[3],"tags":[],"class_list":["post-43504","post","type-post","status-publish","format-standard","hentry","category-allgemeine","et-doesnt-have-format-content","et_post_format-et-post-format-standard"],"_links":{"self":[{"href":"https:\/\/www.best-dentist-dentistry.com\/de\/wp-json\/wp\/v2\/posts\/43504","targetHints":{"allow":["GET"]}}],"collection":[{"href":"https:\/\/www.best-dentist-dentistry.com\/de\/wp-json\/wp\/v2\/posts"}],"about":[{"href":"https:\/\/www.best-dentist-dentistry.com\/de\/wp-json\/wp\/v2\/types\/post"}],"author":[{"embeddable":true,"href":"https:\/\/www.best-dentist-dentistry.com\/de\/wp-json\/wp\/v2\/users\/1"}],"replies":[{"embeddable":true,"href":"https:\/\/www.best-dentist-dentistry.com\/de\/wp-json\/wp\/v2\/comments?post=43504"}],"version-history":[{"count":0,"href":"https:\/\/www.best-dentist-dentistry.com\/de\/wp-json\/wp\/v2\/posts\/43504\/revisions"}],"wp:attachment":[{"href":"https:\/\/www.best-dentist-dentistry.com\/de\/wp-json\/wp\/v2\/media?parent=43504"}],"wp:term":[{"taxonomy":"category","embeddable":true,"href":"https:\/\/www.best-dentist-dentistry.com\/de\/wp-json\/wp\/v2\/categories?post=43504"},{"taxonomy":"post_tag","embeddable":true,"href":"https:\/\/www.best-dentist-dentistry.com\/de\/wp-json\/wp\/v2\/tags?post=43504"}],"curies":[{"name":"wp","href":"https:\/\/api.w.org\/{rel}","templated":true}]}}