{"id":43550,"date":"2016-03-02T02:21:20","date_gmt":"2016-03-02T02:21:20","guid":{"rendered":null},"modified":"-0001-11-30T00:00:00","modified_gmt":"-0001-11-30T00:00:00","slug":"pope-defends-ensure-is-for-all-appropriate-access-to-water","status":"publish","type":"post","link":"https:\/\/www.best-dentist-dentistry.com\/de\/pope-defends-ensure-is-for-all-appropriate-access-to-water\/43550","title":{"rendered":"pope-defends-ensure-is-for-all-appropriate-access-to-water"},"content":{"rendered":"<p class=\"first\"> <span class=\"yshortcuts\" id=\"lw_1332076576_0\"> Vatikan<\/span>, 18 M\u00e4r (<span class=\"yshortcuts\" id=\"lw_1332076576_1\"> EFE<\/span>).-<span class=\"yshortcuts\" id=\"lw_1332076576_2\"> Papst Benedikt XVI<\/span> verteidigte die Notwendigkeit, &#8220;f\u00fcr alle&#8221; garantieren eine &#8220;gerechte, sichere und angemessene <span class=\"yshortcuts\"id=\"lw_1332076576_3\"> Wasser&#8221;<\/span> Zugriff auf Tausende von Gl\u00e4ubigen, die <span class=\"yshortcuts\" id=\"lw_1332076576_4\"> St. Peters<\/span> Square f\u00fcr den Sonntag Angelus-Gebet kam.<\/p>\n<p>The Pontifex erinnert daran, dass Samstag in Marseille (<span class=\"yshortcuts\" id=\"lw_1332076576_5\"> Frankreich<\/span>) VI <span class=\"yshortcuts\" id=\"lw_1332076576_6\"> World Forum<\/span> <span class=\"yshortcuts\" id=\"lw_1332076576_7\"> Wasser geschlossen<\/span> und am kommenden Donnerstag <span class=\"yshortcuts\" id=\"lw_1332076576_8\"> Welttag<\/span> des Wassers feiert, die in diesem Jahr konzentriert sich auf die Beziehung dieser &#8220;wertvolle und begrenzte Ressource mit Ern\u00e4hrungssicherung&#8221;.<\/p>\n<p>Benedicto XVI hoffte, dass diese Initiativen helfen &#8220;f\u00fcr alle&#8221; gew\u00e4hrleisten einen &#8220;fairen&#8221; Zugang zu Wasser, und damit zu f\u00f6rdern &#8220;das Recht auf Leben und auf die Ern\u00e4hrung der Menschen und ein verantwortungsvoller und solidarischen Einsatz aller G\u00fcter der Erde, zum Nutzen heutiger und k\u00fcnftiger Generationen&#8221;.<\/p>\n<p>Der Papst darauf hingewiesen, dass morgen wird das Festival von San Jose und &#8220;from the Heart&#8221; dankte all jene, die eine Erinnerung f\u00fcr ihn in ihren gebeten, am Tag seiner Onomastik haben.<\/p>\n<p>Auch fordert die Gl\u00e4ubigen beten f\u00fcr seine apostolische Reise nach Mexiko und Kuba, die zwischen 23 und 28 March. stattfinden wird<\/p>\n<p>Auf der anderen Seite der Theologe Papst, erinnerte daran, dass heute ist der vierte Sonntag im geliehen, betonte, dass jeweils die S\u00fcnden bekennen muss, so dass die Vergebung Gottes &#8220;in seinem Herzen und in seinem Leben&#8221; wirken kann.<\/p>\n<p>&#8220;Manchmal Mann liebt mehr Finsternis als Licht, weil er ihre S\u00fcnden montiert ist, aber nur, wenn es \u00f6ffnet um leichte und aufrichtig gestehen sich eigene Sie Schuld Gott wahrer Friede und echte Freude ist&#8221;, sagte er. EFE<\/p>\n","protected":false},"excerpt":{"rendered":"<p>Vatikan, 18 M\u00e4r ( EFE).- Papst Benedikt XVI verteidigte die Notwendigkeit, &#8220;f\u00fcr alle&#8221; garantieren eine &#8220;gerechte, sichere und angemessene Wasser&#8221; Zugriff auf Tausende von Gl\u00e4ubigen, die St. Peters Square f\u00fcr den Sonntag Angelus-Gebet kam. The Pontifex erinnert daran, dass Samstag in Marseille ( Frankreich) VI World Forum Wasser geschlossen und am kommenden Donnerstag Welttag des [&hellip;]<\/p>\n","protected":false},"author":1,"featured_media":0,"comment_status":"close","ping_status":"open","sticky":false,"template":"","format":"standard","meta":{"footnotes":""},"categories":[3],"tags":[],"class_list":["post-43550","post","type-post","status-publish","format-standard","hentry","category-allgemeine","et-doesnt-have-format-content","et_post_format-et-post-format-standard"],"_links":{"self":[{"href":"https:\/\/www.best-dentist-dentistry.com\/de\/wp-json\/wp\/v2\/posts\/43550","targetHints":{"allow":["GET"]}}],"collection":[{"href":"https:\/\/www.best-dentist-dentistry.com\/de\/wp-json\/wp\/v2\/posts"}],"about":[{"href":"https:\/\/www.best-dentist-dentistry.com\/de\/wp-json\/wp\/v2\/types\/post"}],"author":[{"embeddable":true,"href":"https:\/\/www.best-dentist-dentistry.com\/de\/wp-json\/wp\/v2\/users\/1"}],"replies":[{"embeddable":true,"href":"https:\/\/www.best-dentist-dentistry.com\/de\/wp-json\/wp\/v2\/comments?post=43550"}],"version-history":[{"count":0,"href":"https:\/\/www.best-dentist-dentistry.com\/de\/wp-json\/wp\/v2\/posts\/43550\/revisions"}],"wp:attachment":[{"href":"https:\/\/www.best-dentist-dentistry.com\/de\/wp-json\/wp\/v2\/media?parent=43550"}],"wp:term":[{"taxonomy":"category","embeddable":true,"href":"https:\/\/www.best-dentist-dentistry.com\/de\/wp-json\/wp\/v2\/categories?post=43550"},{"taxonomy":"post_tag","embeddable":true,"href":"https:\/\/www.best-dentist-dentistry.com\/de\/wp-json\/wp\/v2\/tags?post=43550"}],"curies":[{"name":"wp","href":"https:\/\/api.w.org\/{rel}","templated":true}]}}