{"id":43554,"date":"2016-03-05T02:22:15","date_gmt":"2016-03-05T02:22:15","guid":{"rendered":null},"modified":"-0001-11-30T00:00:00","modified_gmt":"-0001-11-30T00:00:00","slug":"the-suspect-in-toulouse-will-be-delivered-this-afternoon","status":"publish","type":"post","link":"https:\/\/www.best-dentist-dentistry.com\/de\/the-suspect-in-toulouse-will-be-delivered-this-afternoon\/43554","title":{"rendered":"the-suspect-in-toulouse-will-be-delivered-this-afternoon"},"content":{"rendered":"<p class=\"first\"> TOULOUSE, Frankreich (Reuters) &#8211; ein bewaffneter Mann Verdacht t\u00f6tet sieben Menschen im Namen der Al-Qaida, darunter drei Kinder an einer j\u00fcdischen Schule, sagte am Mittwoch, die bei der Polizei zu einer Belagerung im S\u00fcdwesten Frankreichs beenden \u00fcbergab.<\/p>\n<p>\u00dcber 300 Agenten Polizei stark bewaffnet, mit kugelsicheren Westen und Helme, einem Wohngebiet in einem vierst\u00f6ckigen Geb\u00e4ude in Toulouse, wo die muslimischen 24 Jahre, als Mohamed Merah, im Erdgeschoss verankert war abgesperrt. Zwei Offiziere wurden in der Operation verletzt.<\/p>\n<p>Der Minister des Innern, Claude Gu\u00e9ant, sagte, dass der Mann ein Franzose algerischer Herkunft, Afghanistan und Pakistan immer wieder besucht und sagte es Vergeltung von den franz\u00f6sischen milit\u00e4rischen Engagements im Ausland gehandelt hatte.<\/p>\n<p>Der franz\u00f6sischen Pr\u00e4sidenten Nicolas Sarkozy, die die erste Runde der Wahlen in f\u00fcnf Wochen angezeigt wird, sagte, dass Frankreich nicht zuweisen sollte einen Wunsch nach Rache oder Diskriminierung wegen des Mordes an Rabbiner und seinen drei Kindern in einer Schule, die in Toulouse und drei Soldaten nordafrikanischer Herkunft j\u00fcdisch ist.<\/p>\n<p>Seine Warnung kam, nachdem der ultrarechten F\u00fchrer Marine Le Pen, einen Rivalen im Pr\u00e4sidentschaftswahlkampf, sagte, dass Frankreich einen Krieg gegen den islamischen Fundamentalismus f\u00fchren sollten.<\/p>\n<p>&#8220;Ich haben Gemeinschaften zusammengebracht j\u00fcdischen und muslimischen zu zeigen, dass Terrorismus nicht das Gef\u00fchl von Gemeinschaft in unserer Nation brechen wird&#8221;, sagte.<\/p>\n<p>&#8220;Wir m\u00fcssen eine Einheit bilden. Wir m\u00fcssen verhindern, dass weder Diskriminierung noch Rache &#8220;, sagte Sarkozy.<\/p>\n<p>Der Minister f\u00fcr die Innenminister Gu\u00e9ant sagte Merah, die seit dem Angriff gegen die Soldaten letzte Woche bewacht wird war, wollte Rache &#8220;f\u00fcr den Tod von pal\u00e4stinensischen Kindern und wollte auch an die franz\u00f6sische Armee f\u00fcr Operationen im Ausland r\u00e4chen&#8221;.<\/p>\n<p>Gu\u00e9ant sagte Journalisten das Merah war Mitglied einer Gruppe der islamischen Ideologie in Frankreich, aber, die die Organisation nicht gewaltt\u00e4tigen Handlungen beteiligt war.<\/p>\n<p>&#8220;Wir sind zuversichtlich, dass der Mann umgeben von Polizei, deren Kapitulation erwartet wird, diese Serie von Morden, die er begangen hat ist,&#8221; sagte der Minister auf dem Fernsehsender BFM.<\/p>\n<p>Der Minister des inneren sagte Merah hatte seine Pistole Colt 45 gezogen, aus dem Fenster von einem Wohnblock im Austausch f\u00fcr ein &#8220;Kommunikations-Ger\u00e4t&#8221; oder ein Mobiltelefon, aber er war immer noch bewaffnet. Polizei evakuiert den Rest der Bewohner am 11:00 (1000 GMT).<\/p>\n<p>&#8220;Gesagt&#8230;, zugestellt am Nachmittag,&#8221; hinzugef\u00fcgt Gu\u00e9ant.<\/p>\n<p>Polizei Quellen sagten, sie hatten durchgef\u00fchrt eine kontrollierte Explosion des Wagens des Verd\u00e4chtigen gegen 09:00 am Morgen nach der Entdeckung, dass er mit Waffen betraut war.<\/p>\n<p>Braut und der Bruder von Merah, einem anderen islamistischen bekannt von den Beh\u00f6rden festgenommen worden, sagte Beamten.<\/p>\n<p>Merah wurde durch Bomben in der afghanischen Provinz Kandahar im S\u00fcden des Landes, im Jahr 2007 verhaftet, aber er floh aus dem Gef\u00e4ngnis vier Monate sp\u00e4ter in eine riskante Flucht Taliban, sagte der Direktor der Gef\u00e4ngnisse in Kandahar nach Reuters.<\/p>\n<p>Ghulam Faruq sagte Merah 19. Dezember 2007 verhaftet und verurteilt zu drei Jahren Haft f\u00fcr die Platzierung von Bomben in der Provinz Kandahar, Geburtsort der Taliban.<\/p>\n<p>Jean Decotte und John irisch \/di \/<\/p>\n","protected":false},"excerpt":{"rendered":"<p>TOULOUSE, Frankreich (Reuters) &#8211; ein bewaffneter Mann Verdacht t\u00f6tet sieben Menschen im Namen der Al-Qaida, darunter drei Kinder an einer j\u00fcdischen Schule, sagte am Mittwoch, die bei der Polizei zu einer Belagerung im S\u00fcdwesten Frankreichs beenden \u00fcbergab. \u00dcber 300 Agenten Polizei stark bewaffnet, mit kugelsicheren Westen und Helme, einem Wohngebiet in einem vierst\u00f6ckigen Geb\u00e4ude in [&hellip;]<\/p>\n","protected":false},"author":1,"featured_media":0,"comment_status":"close","ping_status":"open","sticky":false,"template":"","format":"standard","meta":{"footnotes":""},"categories":[3],"tags":[51464],"class_list":["post-43554","post","type-post","status-publish","format-standard","hentry","category-allgemeine","tag-saudavel","et-doesnt-have-format-content","et_post_format-et-post-format-standard"],"_links":{"self":[{"href":"https:\/\/www.best-dentist-dentistry.com\/de\/wp-json\/wp\/v2\/posts\/43554","targetHints":{"allow":["GET"]}}],"collection":[{"href":"https:\/\/www.best-dentist-dentistry.com\/de\/wp-json\/wp\/v2\/posts"}],"about":[{"href":"https:\/\/www.best-dentist-dentistry.com\/de\/wp-json\/wp\/v2\/types\/post"}],"author":[{"embeddable":true,"href":"https:\/\/www.best-dentist-dentistry.com\/de\/wp-json\/wp\/v2\/users\/1"}],"replies":[{"embeddable":true,"href":"https:\/\/www.best-dentist-dentistry.com\/de\/wp-json\/wp\/v2\/comments?post=43554"}],"version-history":[{"count":0,"href":"https:\/\/www.best-dentist-dentistry.com\/de\/wp-json\/wp\/v2\/posts\/43554\/revisions"}],"wp:attachment":[{"href":"https:\/\/www.best-dentist-dentistry.com\/de\/wp-json\/wp\/v2\/media?parent=43554"}],"wp:term":[{"taxonomy":"category","embeddable":true,"href":"https:\/\/www.best-dentist-dentistry.com\/de\/wp-json\/wp\/v2\/categories?post=43554"},{"taxonomy":"post_tag","embeddable":true,"href":"https:\/\/www.best-dentist-dentistry.com\/de\/wp-json\/wp\/v2\/tags?post=43554"}],"curies":[{"name":"wp","href":"https:\/\/api.w.org\/{rel}","templated":true}]}}