{"id":43580,"date":"2016-03-23T02:21:45","date_gmt":"2016-03-23T02:21:45","guid":{"rendered":null},"modified":"-0001-11-30T00:00:00","modified_gmt":"-0001-11-30T00:00:00","slug":"uruguayan-government-asserts-that-without-a-doubt-many-more-are-victims-of-nurses","status":"publish","type":"post","link":"https:\/\/www.best-dentist-dentistry.com\/de\/uruguayan-government-asserts-that-without-a-doubt-many-more-are-victims-of-nurses\/43580","title":{"rendered":"uruguayan-government-asserts-that-without-a-doubt-many-more-are-victims-of-nurses"},"content":{"rendered":"<p class=\"first\"> Montevideo, 20 M\u00e4rz (EFE).-der Minister f\u00fcr die Innenausstattung von Uruguay, Eduardo Bonomi, sagte heute, dass die Opfer der zwei Krankenschwestern, die f\u00fcr die Ermordung von Patienten auf der Intensivstation von Montevideo Einheiten verfolgt &#8220;ohne Zweifel&#8221; sind viele mehr als die 16 waren, die zun\u00e4chst diskutiert.<\/p>\n<p>&#8220;Es ist keine einfache Untersuchung&#8221;, &#8220;die Arbeit, die dem Richter \u00fcberlassen ist wichtig,&#8221; weil es geglaubt wird, dass die Strafverfolgung von Krankenschwestern &#8220;umfasst mehrere Jahre&#8221;, erkl\u00e4rt dieser Dienstag Bonomi, Sendestation Radio schnitzen radio.<\/p>\n<p>&#8220;Was entdeckt wurde mit der medizinischen Geschichte und den Tod von Menschen in relativ kurzer Zeit,&#8221; sagte der Minister vor, wonach er die M\u00f6glichkeit, die Verbrechen zu &#8220;mehr als sieben Jahre&#8221; vor steigen nicht ausschlie\u00dfen.<\/p>\n<p>Justizielle Quellen angegeben heute gesagt Efe, dass zwar am Sonntag, w\u00e4hrend der Verh\u00f6re, der Angeklagte auf f\u00fcnf und elf Morde jeweils zeigen Ihnen Fotos gestand, &#8220;in beiden F\u00e4llen Krankenschwestern Konto verloren zu haben quittiert&#8221;.<\/p>\n<p>&#8220;Noch keine genaue Anzahl oder Zeit haben wir&#8221;, die Quellen hinzugef\u00fcgt, die Zahl der Todesopfer gesch\u00e4tzt &#8220;mehrere Dutzend&#8221;.<\/p>\n<p>Nach Uruguay Pressemeldungen der Polizei-Ermittler, die angefangen haben, Berichten \u00fcber neue Verdachtsf\u00e4lle zu erhalten, spekulieren mit mehr als 200 F\u00e4lle, obwohl jetzt es nur Mutma\u00dfungen ist.<\/p>\n<p>&#8220;Wir sprechen nicht \u00fcber die Anzahl der F\u00e4lle oder Fristen der Zeit, bis wir alle Informationen haben, weil dies, eine Frage zu empfindlich geworden ist, dass Sie nicht genau,&#8221; entschuldigte sich bei den Medien der Kommissar-Inspektor San Angel Rosas, Koordinator der Generaldirektion der organisierten Kriminalit\u00e4t und Interpol.<\/p>\n<p>Genau auf eine dieser Fassungen, die auf eine der Schwestern gestand T\u00f6tung ein Patienten pro Woche zeigt, Bonomi sagte herausarbeiten, dass &#8220;Polizei Kind eine Figur etwas war&#8221; Obwohl er seine auch genaue sein.<\/p>\n<p>Der Minister erinnerte daran, dass &#8220;kl\u00e4ren ein Verbrechen Serien dieser Art in einem entwickelten Land dauerte 13 oder 18 Jahre&#8221; und der uruguayische Fall fing an, im Januar zu untersuchen, wenn es einen anonymen Teil Gesundheit Personal Beschwerde produziert.<\/p>\n<p>Danke f\u00fcr die nachfolgenden Untersuchungen am vergangenen Freitag wurden verhaftet, die Krankenschwestern J. A. F\u00fcr 46 Jahre und M. P. G., 39 Jahre, Arbeitnehmer des Verbandes Spanisch, einen renommierten privaten gegenseitigen des Landes, und das Hospital Maciel, \u00f6ffentliches Eigentum.<\/p>\n<p>Ein Bericht des Ministeriums f\u00fcr Gesundheit im Hospital Maciel durchgef\u00fchrt und heute von der Zeitung El Pais reproduziert sagt in der Einheit der kardiologischen Versorgung (CCU), wo mehrere Todesf\u00e4lle aufgetreten sind, gab es ein starken Anstieg der Sterblichkeitsrate w\u00e4hrend 2011.<\/p>\n<p>Mortalit\u00e4tsrate lagen zwischen 3 % und 4 % des Durchschnitts in den letzten f\u00fcnf Jahren, aber im vergangenen Jahr um 12 % gestiegen.<\/p>\n<p>Neben der Krankenschwestern, die im Gef\u00e4ngnis sind, wurde von einer Krankenschwester, einer von ihnen, kannte, zu verbergen, obwohl das Justiz jetzt eine koordinierte Aktion ausgeschlossen verarbeitet.<\/p>\n<p>Jedoch Bonomi sprach Dienstag am Radio schnitzen, dass &#8220;es eine Art Wettbewerb&#8221; unter die Verbrecher war, aber auch da er sagte, dass &#8220;es viele Dinge, die nicht klar sind gibt&#8221; im Fall.<\/p>\n<p>Das Motiv f\u00fcr das Verbrechen, laut den Autoren war &#8220;Ruhe geben&#8221; Opfer aber das ist ein weiterer dunkler Fleck, gab den Minister, der im Prinzip m\u00f6gliche Zusammenh\u00e4nge zwischen dem M\u00f6rder und Mafia des Organhandels, weil die Opfer waren alle &#8220;Senioren&#8221; ausgeschlossen.<\/p>\n<p>Der Gesundheitsminister, Jorge Venegas, muss Donnerstag vor dem Parlament, Erkl\u00e4rungen auf die vorhandenen Gesundheit Sektor Steuerelemente angezeigt werden und innerhalb von Stunden es wird erwartet, dass der Richter im Fall Rolando Vomero, Anklage gegen den Angeklagten, welche sicherlich neues Licht auf einen Prozess \u00fcbersandt werden, die verspricht verteilt, lang sein. EFE<\/p>\n","protected":false},"excerpt":{"rendered":"<p>Montevideo, 20 M\u00e4rz (EFE).-der Minister f\u00fcr die Innenausstattung von Uruguay, Eduardo Bonomi, sagte heute, dass die Opfer der zwei Krankenschwestern, die f\u00fcr die Ermordung von Patienten auf der Intensivstation von Montevideo Einheiten verfolgt &#8220;ohne Zweifel&#8221; sind viele mehr als die 16 waren, die zun\u00e4chst diskutiert. &#8220;Es ist keine einfache Untersuchung&#8221;, &#8220;die Arbeit, die dem Richter [&hellip;]<\/p>\n","protected":false},"author":1,"featured_media":0,"comment_status":"close","ping_status":"open","sticky":false,"template":"","format":"standard","meta":{"footnotes":""},"categories":[3],"tags":[],"class_list":["post-43580","post","type-post","status-publish","format-standard","hentry","category-allgemeine","et-doesnt-have-format-content","et_post_format-et-post-format-standard"],"_links":{"self":[{"href":"https:\/\/www.best-dentist-dentistry.com\/de\/wp-json\/wp\/v2\/posts\/43580","targetHints":{"allow":["GET"]}}],"collection":[{"href":"https:\/\/www.best-dentist-dentistry.com\/de\/wp-json\/wp\/v2\/posts"}],"about":[{"href":"https:\/\/www.best-dentist-dentistry.com\/de\/wp-json\/wp\/v2\/types\/post"}],"author":[{"embeddable":true,"href":"https:\/\/www.best-dentist-dentistry.com\/de\/wp-json\/wp\/v2\/users\/1"}],"replies":[{"embeddable":true,"href":"https:\/\/www.best-dentist-dentistry.com\/de\/wp-json\/wp\/v2\/comments?post=43580"}],"version-history":[{"count":0,"href":"https:\/\/www.best-dentist-dentistry.com\/de\/wp-json\/wp\/v2\/posts\/43580\/revisions"}],"wp:attachment":[{"href":"https:\/\/www.best-dentist-dentistry.com\/de\/wp-json\/wp\/v2\/media?parent=43580"}],"wp:term":[{"taxonomy":"category","embeddable":true,"href":"https:\/\/www.best-dentist-dentistry.com\/de\/wp-json\/wp\/v2\/categories?post=43580"},{"taxonomy":"post_tag","embeddable":true,"href":"https:\/\/www.best-dentist-dentistry.com\/de\/wp-json\/wp\/v2\/tags?post=43580"}],"curies":[{"name":"wp","href":"https:\/\/api.w.org\/{rel}","templated":true}]}}