{"id":43655,"date":"2016-05-21T02:20:33","date_gmt":"2016-05-21T02:20:33","guid":{"rendered":null},"modified":"-0001-11-30T00:00:00","modified_gmt":"-0001-11-30T00:00:00","slug":"translateapiexception-appid-is-over-the-quota-id3427v2jsontranslate34b06ad1","status":"publish","type":"post","link":"https:\/\/www.best-dentist-dentistry.com\/de\/translateapiexception-appid-is-over-the-quota-id3427v2jsontranslate34b06ad1\/43655","title":{"rendered":"SATSE bereut, Ana Mato ergreifen auf Krankenschwestern Ma\u00dfnahmen, ohne zu Fragen, Ihre Meinung"},"content":{"rendered":"<p class=\"first\"> <span class=\"yshortcuts\" id=\"lw_1331645732_0\"> MADRID<\/span>, 13 (<span class=\"yshortcuts\" id=\"lw_1331645732_1\"> EUROPA PRESS<\/span>)<\/p>\n<p><span class=\"yshortcuts\" id=\"lw_1331645732_2\"> der Union<\/span> der <span class=\"yshortcuts\" id=\"lw_1331645732_3\"> Krankenpflege<\/span> <span class=\"yshortcuts\" id=\"lw_1331645732_4\"> SATSE<\/span> hat bedauert, dass der <span class=\"yshortcuts\" id=\"lw_1331645732_5\"> Minister<\/span> f\u00fcr <span class=\"yshortcuts\" id=\"lw_1331645732_6\"> Gesundheit<\/span>, <span class=\"yshortcuts\" id=\"lw_1331645732_7\"> soziales<\/span> und <span class=\"yshortcuts\" id=\"lw_1331645732_8\"> Gleichstellung<\/span>, Ana Mato Ma\u00dfnahmen, die diese Gruppe angek\u00fcndigt hat ohne Ihre Meinung auf Projekte wie das Erstellen eines Systems der beruflichen Weiterbildung zugelassen in Spanien, die Verwaltung der Berufe im Gesundheitswesen oder die Entwicklung einer Plattform f\u00fcr Innovation in diesem Sektor beeintr\u00e4chtigen.<\/p>\n<p>Sind auch ver\u00e4rgert, weil Mato &#8220;limit zugeschnitten&#8221; mit Foren wie dem Beratenden Ausschuss des nationalen Systems der Gesundheit, am Montag und die nicht vertretene Gewerkschaften gew\u00e4hlt werden von den Fachleuten an den Wahlurnen.<\/p>\n<p>Aus diesem Grund SATSE, Alejandro Laguna, Generalsekret\u00e4r hat Mato gebeten &#8220;Einhaltung von Gesetzen und etablierten Rahmen der Verhandlungen zu l\u00f6sen, gemeinsam, die aktuelle Situation des nationalen Gesundheitssystems und suchen nach L\u00f6sungen, die die Versorgung dem B\u00fcrger verbessern einzuberufen&#8221;.<\/p>\n<p>Laguna daran erinnert, dass SATSE, V\u00edctor Aznar, Pr\u00e4sident gesendet hat, zusammen mit CEMSATSE, Patricio Mart\u00ednez, verantwortlich f\u00fcr das Schreiben an das Ministerium die betonen, dass im Gesetz 55\/2003, 16. Dezember, die Rahmen-Satzung der gesetzlichen Mitarbeiter des Gesundheitswesens, verwies auf die Entwicklung im Bereich der Verhandlung, und erf\u00fcllen mindestens einmal im Jahr. <\/p>\n<p>Aufgrund nicht Anruf f\u00fcr das Forum der Verhandlung jahrelang die Krankenpflege Union Zuflucht zu Gerechtigkeit, die den Grund in einem Urteil der Audiencia Nacional, vom 14. April 2010 gab.<\/p>\n<p>SATSE versteht muss die Einberufung dieses Forums, die Arbeitsbedingungen des statut\u00e4ren Personals der verschiedenen Gesundheitsdienste zu analysieren, um eine medizinische Versorgung mit der h\u00f6chsten Qualit\u00e4t, Geschwindigkeit und Effizienz wie m\u00f6glich anbieten zu k\u00f6nnen. \u00c4hnlich argumentiert, dass wir einen Zeitplan f\u00fcr die Sitzungen, die es erm\u00f6glicht, um Aktionen und Ma\u00dfnahmen zu vereinbaren einrichten m\u00fcssen&#8221;, behaupten sie.<\/p>\n","protected":false},"excerpt":{"rendered":"<p>MADRID, 13 ( EUROPA PRESS) der Union der Krankenpflege SATSE hat bedauert, dass der Minister f\u00fcr Gesundheit, soziales und Gleichstellung, Ana Mato Ma\u00dfnahmen, die diese Gruppe angek\u00fcndigt hat ohne Ihre Meinung auf Projekte wie das Erstellen eines Systems der beruflichen Weiterbildung zugelassen in Spanien, die Verwaltung der Berufe im Gesundheitswesen oder die Entwicklung einer Plattform [&hellip;]<\/p>\n","protected":false},"author":1,"featured_media":0,"comment_status":"close","ping_status":"open","sticky":false,"template":"","format":"standard","meta":{"footnotes":""},"categories":[3],"tags":[51458],"class_list":["post-43655","post","type-post","status-publish","format-standard","hentry","category-allgemeine","tag-erforschen","et-doesnt-have-format-content","et_post_format-et-post-format-standard"],"_links":{"self":[{"href":"https:\/\/www.best-dentist-dentistry.com\/de\/wp-json\/wp\/v2\/posts\/43655","targetHints":{"allow":["GET"]}}],"collection":[{"href":"https:\/\/www.best-dentist-dentistry.com\/de\/wp-json\/wp\/v2\/posts"}],"about":[{"href":"https:\/\/www.best-dentist-dentistry.com\/de\/wp-json\/wp\/v2\/types\/post"}],"author":[{"embeddable":true,"href":"https:\/\/www.best-dentist-dentistry.com\/de\/wp-json\/wp\/v2\/users\/1"}],"replies":[{"embeddable":true,"href":"https:\/\/www.best-dentist-dentistry.com\/de\/wp-json\/wp\/v2\/comments?post=43655"}],"version-history":[{"count":0,"href":"https:\/\/www.best-dentist-dentistry.com\/de\/wp-json\/wp\/v2\/posts\/43655\/revisions"}],"wp:attachment":[{"href":"https:\/\/www.best-dentist-dentistry.com\/de\/wp-json\/wp\/v2\/media?parent=43655"}],"wp:term":[{"taxonomy":"category","embeddable":true,"href":"https:\/\/www.best-dentist-dentistry.com\/de\/wp-json\/wp\/v2\/categories?post=43655"},{"taxonomy":"post_tag","embeddable":true,"href":"https:\/\/www.best-dentist-dentistry.com\/de\/wp-json\/wp\/v2\/tags?post=43655"}],"curies":[{"name":"wp","href":"https:\/\/api.w.org\/{rel}","templated":true}]}}