{"id":43781,"date":"2016-06-22T02:20:52","date_gmt":"2016-06-22T02:20:52","guid":{"rendered":null},"modified":"-0001-11-30T00:00:00","modified_gmt":"-0001-11-30T00:00:00","slug":"translateapiexception-appid-is-over-the-quota-id3722v2jsontranslate34cdf2f9","status":"publish","type":"post","link":"https:\/\/www.best-dentist-dentistry.com\/de\/translateapiexception-appid-is-over-the-quota-id3722v2jsontranslate34cdf2f9\/43781","title":{"rendered":"Die Regierung vereinheitlicht die INC und der Beh\u00f6rde f\u00fcr Lebensmittelsicherheit"},"content":{"rendered":"<p class=\"first\"> Madrid, 15 M\u00e4r (EFE).-die Regierung hat heute angek\u00fcndigt, den Verbrauch der autonomen Gemeinschaften verantwortlich f\u00fcr die Vereinheitlichung des Instituto Nacional de Consumo (INC) und der spanischen Agentur f\u00fcr Lebensmittelsicherheit.<\/p>\n<p>Minister Ana Mato Schlu\u00dfabnahme diese Entscheidung regionale Staats-und Regierungschefs auf der Tagung der sektoralen Konferenz des Verbrauchs, der heute zum ersten Mal in der Legislaturperiode auch zeitgleich mit der Feier des f\u00fcnfzigsten Jahrestages des Welttages f\u00fcr die Rechte der Verbraucher erf\u00fcllt.<\/p>\n<p>Die neue Agentur, wie durch das Ministerium nach der Konferenz von sektoralen berichtet wird dazu beitragen, die Rationalisierung bei der Verwendung \u00f6ffentlicher Mittel und bringt das spanische Modell europ\u00e4isch, da die neue Agentur das Beispiel der Europ\u00e4ischen Direktion f\u00fcr Ern\u00e4hrungssicherheit und Konsum folgt.<\/p>\n<p>Die Vereinigung dieser beiden Organe, laut dieser Quelle erm\u00f6glicht auch die Beteiligung der Verb\u00e4nde der Verbraucher im Bereich der Lebensmittel.<\/p>\n<p>Minister berichtet neben Regionalmanager der n\u00e4chsten Rechnung der Versorgung f\u00fcr den Verbraucher, die unter anderem Regeln wird das Funktionieren des B\u00fcros der Unternehmen Kundenservice.<\/p>\n<p>Dar\u00fcber hinaus sieht die Kriterien der Information und Transparenz, die sollten diese Unternehmen in der vorvertraglichen Phase und auch Anspr\u00fcche und f\u00fcr die Beilegung von Streitigkeiten zwischen einem Kunden und einem Unternehmen das Ministerium berichtet werden.<\/p>\n<p>Eine der Neuheiten wird sein, dass die Beschwerdeverfahren immer per Telefon und in diesem Modus gemacht werden k\u00f6nnen wird immer als erste Wahl personifizierte Aufmerksamkeit, nicht durch Sprachger\u00e4te, zur Erleichterung des Zugangs von \u00e4lteren Nutzern oder anderen Gruppen mit Schwierigkeiten \u00fcber diese Ger\u00e4te kommunizieren.<\/p>\n<p>Auf der sektoralen Konferenz wurde beschlossen auch die Entwicklung eines neuen Modells der Stromrechnung bemerkbar zu machen, transparenter, leichter lesen und Interpretation von allen Verbrauchern.<\/p>\n<p>Der Minister hat angek\u00fcndigt, es zahlt zudem ein besonderes Interesse f\u00fcr die Verbraucher von Finanzprodukten, von denen viele ernsthaft von den Folgen der Krise, insbesondere im Hinblick auf die so genannte betroffen &#8220;Vorzugsaktien&#8221;.<\/p>\n<p>Mato hat versichert, dass die Regierung solche Finanzprodukte Einstellungsverfahren \u00fcberpr\u00fcfen wird, so dass es eine klare Verpflichtung auf Banken, alle notwendige Informationen f\u00fcr die B\u00fcrger zu erleichtern.<\/p>\n<p>&#8220;<\/p>\n<p>&#8220;Wollen die kleinen Buchstaben zu beseitigen&#8221;, sagte Minister; auf diese Weise bei der Entscheidung, die Verbraucher werden voll und ganz bewusst die Verpflichtungen mit der Bank oder der Caja de Ahorros&#8221;, stellte den Minister fest.<\/p>\n","protected":false},"excerpt":{"rendered":"<p>Madrid, 15 M\u00e4r (EFE).-die Regierung hat heute angek\u00fcndigt, den Verbrauch der autonomen Gemeinschaften verantwortlich f\u00fcr die Vereinheitlichung des Instituto Nacional de Consumo (INC) und der spanischen Agentur f\u00fcr Lebensmittelsicherheit. Minister Ana Mato Schlu\u00dfabnahme diese Entscheidung regionale Staats-und Regierungschefs auf der Tagung der sektoralen Konferenz des Verbrauchs, der heute zum ersten Mal in der Legislaturperiode auch [&hellip;]<\/p>\n","protected":false},"author":1,"featured_media":0,"comment_status":"close","ping_status":"open","sticky":false,"template":"","format":"standard","meta":{"footnotes":""},"categories":[3],"tags":[],"class_list":["post-43781","post","type-post","status-publish","format-standard","hentry","category-allgemeine","et-doesnt-have-format-content","et_post_format-et-post-format-standard"],"_links":{"self":[{"href":"https:\/\/www.best-dentist-dentistry.com\/de\/wp-json\/wp\/v2\/posts\/43781","targetHints":{"allow":["GET"]}}],"collection":[{"href":"https:\/\/www.best-dentist-dentistry.com\/de\/wp-json\/wp\/v2\/posts"}],"about":[{"href":"https:\/\/www.best-dentist-dentistry.com\/de\/wp-json\/wp\/v2\/types\/post"}],"author":[{"embeddable":true,"href":"https:\/\/www.best-dentist-dentistry.com\/de\/wp-json\/wp\/v2\/users\/1"}],"replies":[{"embeddable":true,"href":"https:\/\/www.best-dentist-dentistry.com\/de\/wp-json\/wp\/v2\/comments?post=43781"}],"version-history":[{"count":0,"href":"https:\/\/www.best-dentist-dentistry.com\/de\/wp-json\/wp\/v2\/posts\/43781\/revisions"}],"wp:attachment":[{"href":"https:\/\/www.best-dentist-dentistry.com\/de\/wp-json\/wp\/v2\/media?parent=43781"}],"wp:term":[{"taxonomy":"category","embeddable":true,"href":"https:\/\/www.best-dentist-dentistry.com\/de\/wp-json\/wp\/v2\/categories?post=43781"},{"taxonomy":"post_tag","embeddable":true,"href":"https:\/\/www.best-dentist-dentistry.com\/de\/wp-json\/wp\/v2\/tags?post=43781"}],"curies":[{"name":"wp","href":"https:\/\/api.w.org\/{rel}","templated":true}]}}