{"id":43798,"date":"2016-07-02T02:20:09","date_gmt":"2016-07-02T02:20:09","guid":{"rendered":null},"modified":"-0001-11-30T00:00:00","modified_gmt":"-0001-11-30T00:00:00","slug":"bolivian-woman-calls-for-justice-for-her-daughter-with-strong-abuse-injuries","status":"publish","type":"post","link":"https:\/\/www.best-dentist-dentistry.com\/de\/bolivian-woman-calls-for-justice-for-her-daughter-with-strong-abuse-injuries\/43798","title":{"rendered":"bolivian-woman-calls-for-justice-for-her-daughter-with-strong-abuse-injuries"},"content":{"rendered":"<p class=\"first\"> <span class=\"yshortcuts\" id=\"lw_1331379379_0\"> Madrid<\/span>, 10 M\u00e4r (<span class=\"yshortcuts\" id=\"lw_1331379379_1\"> EFE<\/span>).-<span class=\"yshortcuts\" id=\"lw_1331379379_2\"> fast drei<\/span> Jahre nach ihrer <span class=\"yshortcuts\" id=\"lw_1331379379_3\"> Tochter<\/span> erlitt irreversibel nach missbraucht von seiner <span class=\"yshortcuts\" id=\"lw_1331379379_4\"> Bezugsperson<\/span>, <span class=\"yshortcuts\" id=\"lw_1331379379_5\"> Celida<\/span>, eine bolivianische Frau gekommen ist, nach Spanien in 2002 auf der Suche nach einem besseren Leben, nach wie vor Fragen nach Gerechtigkeit und das ist der Aggressor, die geflohen, nachdem er zu 9 Jahren Haft verurteilt.<\/p>\n<p>&#8220;Ich glaube an Gerechtigkeit, aber ich m\u00f6chte es f\u00fcr meine Tochter,&#8221; er sagte <span class=\"yshortcuts\" id=\"lw_1331379379_6\"> Efe<\/span> Celida, die, die daran erinnert, da ihre kleinen blind und im Rollstuhl f\u00fcr lebenslanges.<\/p>\n<p>Im Fall von ihrer Tochter erlangte traurige Ber\u00fchmtheit im November letzten Jahres, wenn das Madrid <span class=\"yshortcuts\" id=\"lw_1331379379_7\"> Landesgericht<\/span> der ecuadorianischen <span class=\"yshortcuts\" id=\"lw_1331379379_8\"> Clara<\/span> Erika A.A. beurteilt, beschuldigt Misshandlung von M\u00e4dchen, dann nur 6 Monate, w\u00e4hrend er in einem &#8220;Patera Kindergarten&#8221;, d. h. ohne eine Lizenz zur Aus\u00fcbung dieser T\u00e4tigkeit berechnen musste.<\/p>\n<p>Einen Monat sp\u00e4ter, Clara Erika wurde schuldig befunden, ein Verbrechen von schweren Verletzungen mit der erschwerende Umstand des Verrats, zu neun Jahren Gef\u00e4ngnis und die Zahlung von 800.000 Euro (ca. 1 Million Dollar) der Entsch\u00e4digung verurteilt.<\/p>\n<p>, Aber &#8220;das System ist fehlgeschlagen&#8221;, denn wenn es berichtet wurde, der Satz hatte bereits das Leck gegeben, er Efe die Anwalt f\u00fcr die Familie, Antonio Serrano sagte.<\/p>\n<p>Der Anwalt erkl\u00e4rte, dass der verurteilte fehlt und dass dar\u00fcber hinaus einige Verm\u00f6genswerte, die beschlagnahmt werden, &#8220;auch wenn die Beh\u00f6rden nicht es zahlt nicht finde f\u00fcr das, was er getan hat&#8221;.<\/p>\n<p>Celida, seine Tochter Erika die 1 M\u00e4rz 2010 w\u00e4hrend der Suche f\u00fcr die Arbeit als Reinigung l\u00f6schen anvertraut.<\/p>\n<p>Verlie\u00df sein Baby in einwandfreiem Zustand der Gesundheit, aber ein paar Stunden nachdem Hausmeister, ihr aufgerufen zu sagen, dass die kleinen erlitt eine pl\u00f6tzliche Ohnmacht.<\/p>\n<p>Celida fuhren ins Krankenhaus, um ihre Tochter, die in der N\u00e4he von Tod f\u00fcr mehrere Tage durch eine schwere Kopfverletzung und Netzhautabl\u00f6sung war.<\/p>\n<p>Obwohl die Beklagte kurz danach verhaftet wurde und vierzehn Tage in Untersuchungshaft verbrachte, 19.M\u00e4rz der Richter ordnete seine Kaution bis zum Hauptverfahren weil wenig \u00fcberlebt hatte, wenn auch mit einer Behinderung von 70 Prozent.<\/p>\n<p>In der m\u00fcndlichen Verhandlung, Clara Erika bestritt, schlug oder fiel auf den Boden, um das M\u00e4dchen und nur r\u00e4umte ein, dass sie es gesch\u00fcttelt hatte, &#8220;damit Sie reagieren&#8221;.<\/p>\n<p>&#8220;Nie gewesen in Verbindung, um herauszufinden, wie es mein M\u00e4dchen war&#8221;, sagte er Efe Celida, wer, wie ihr Mann immer noch psychologische erh\u00e4lt Behandlung ihrer Tochter zu \u00fcberwinden &#8220;nicht nehmen, nicht sehen und m\u00f6glicherweise geistige Retardierung&#8221;.<\/p>\n<p>Seinem Anwalt behauptet, dass Erika &#8220;ist verantwortlich f\u00fcr die direkte&#8221; aus dem Status eines Minderj\u00e4hrigen, jetzt mit zwei bis zweieinhalb Jahre alt, klar, aber stattdessen ist &#8220;frei&#8221; und &#8220;Er hat keinen einzigen Euro bezahlt&#8221;.<\/p>\n<p>Kleinen und Ihre Eltern m\u00fcssen der Lebenszeit &#8220;Wirtschaftshilfe&#8221;, es voranzubringen und um einen Job mit Sorgfalt, kombinieren, so der Anwalt beharrt auf Bitten der Beh\u00f6rden, juristischen, sozialen und staatlichen &#8220;engagieren&#8221; mit dem Fall.<\/p>\n<p>&#8220;Setzt voraus, dass die Polizei gibt es seit Januar suchen, aber wir haben Vermutungen, die in seinem Land trotz Reisepass im Ruhestand sein k\u00f6nnen.&#8221; Das einzige, was, das wir verlangen, ist, dass die Beh\u00f6rden sie suchen &#8220;, betont den Anwalt.&#8221; EFE<\/p>\n<p>Nac\/Ajs\/Rml<\/p>\n","protected":false},"excerpt":{"rendered":"<p>Madrid, 10 M\u00e4r ( EFE).- fast drei Jahre nach ihrer Tochter erlitt irreversibel nach missbraucht von seiner Bezugsperson, Celida, eine bolivianische Frau gekommen ist, nach Spanien in 2002 auf der Suche nach einem besseren Leben, nach wie vor Fragen nach Gerechtigkeit und das ist der Aggressor, die geflohen, nachdem er zu 9 Jahren Haft verurteilt. [&hellip;]<\/p>\n","protected":false},"author":1,"featured_media":0,"comment_status":"close","ping_status":"open","sticky":false,"template":"","format":"standard","meta":{"footnotes":""},"categories":[3],"tags":[51558,51559],"class_list":["post-43798","post","type-post","status-publish","format-standard","hentry","category-allgemeine","tag-gewerkschaftliche","tag-hhepunkt","et-doesnt-have-format-content","et_post_format-et-post-format-standard"],"_links":{"self":[{"href":"https:\/\/www.best-dentist-dentistry.com\/de\/wp-json\/wp\/v2\/posts\/43798","targetHints":{"allow":["GET"]}}],"collection":[{"href":"https:\/\/www.best-dentist-dentistry.com\/de\/wp-json\/wp\/v2\/posts"}],"about":[{"href":"https:\/\/www.best-dentist-dentistry.com\/de\/wp-json\/wp\/v2\/types\/post"}],"author":[{"embeddable":true,"href":"https:\/\/www.best-dentist-dentistry.com\/de\/wp-json\/wp\/v2\/users\/1"}],"replies":[{"embeddable":true,"href":"https:\/\/www.best-dentist-dentistry.com\/de\/wp-json\/wp\/v2\/comments?post=43798"}],"version-history":[{"count":0,"href":"https:\/\/www.best-dentist-dentistry.com\/de\/wp-json\/wp\/v2\/posts\/43798\/revisions"}],"wp:attachment":[{"href":"https:\/\/www.best-dentist-dentistry.com\/de\/wp-json\/wp\/v2\/media?parent=43798"}],"wp:term":[{"taxonomy":"category","embeddable":true,"href":"https:\/\/www.best-dentist-dentistry.com\/de\/wp-json\/wp\/v2\/categories?post=43798"},{"taxonomy":"post_tag","embeddable":true,"href":"https:\/\/www.best-dentist-dentistry.com\/de\/wp-json\/wp\/v2\/tags?post=43798"}],"curies":[{"name":"wp","href":"https:\/\/api.w.org\/{rel}","templated":true}]}}