{"id":43917,"date":"2016-07-23T02:20:18","date_gmt":"2016-07-23T02:20:18","guid":{"rendered":null},"modified":"-0001-11-30T00:00:00","modified_gmt":"-0001-11-30T00:00:00","slug":"patients-with-sleep-apnea-not-treaties-consume-two-thirds-more-health-resources-than-those-diagnosed","status":"publish","type":"post","link":"https:\/\/www.best-dentist-dentistry.com\/de\/patients-with-sleep-apnea-not-treaties-consume-two-thirds-more-health-resources-than-those-diagnosed\/43917","title":{"rendered":"patients-with-sleep-apnea-not-treaties-consume-two-thirds-more-health-resources-than-those-diagnosed"},"content":{"rendered":"<p class=\"first\"> MADRID, 12 (EUROPA PRESS)<\/p>\n<p>Patienten mit Schlafapnoe nicht Vertr\u00e4ge verbrauchen zwei Drittel mehr Gesundheitsressourcen als solche diagnostiziert, wie durch die Neumologa und Mitglied der spanischen Gesellschaft f\u00fcr Pneumologie und Thoraxchirurgie (SEPAR) und der spanischen Gesellschaft des Schlafes (SES), die Dr. Araceli Abad erkl\u00e4rt. Spezialisten haben die vorl\u00e4ufigen Ergebnisse der Studie NANOS aus Anlass des Welttages des Schlafes, die stattfindet am 16. M\u00e4rz vorgestellt.<\/p>\n<p>Mehr &#8220;n\u00fctzlich und wirksam&#8221; Behandlung von heute ist das CPAP-Ger\u00e4t, die darin besteht, eine Maske an der elektrische Strom, der Sauerstoff, der Patient w\u00e4hrend der Schlafzeiten insuffliert angeschlossen. F\u00fcr den Fachmann das hei\u00dft diese Technik &#8220;war krank sterben weniger&#8221;. Derzeit, diese &#8220;multipliziert mit 6 seiner Sterblichkeit&#8221; in Bezug auf die nicht, der Pathologie leiden oder die die haben, aber wenn Sie richtig behandelt werden, sorgt f\u00fcr.<\/p>\n<p>Seine Funktion ist die Atmung, die Kranken zu helfen, da es in den schwerwiegendsten F\u00e4llen hat &#8220;zwischen 200 und 300 bricht der obere Atemwege&#8221; sagt Neurowissenschaftler und Mitglied des SES und der spanischen Gesellschaft f\u00fcr Neurologie (SEN), die Dr. Montserrat Pujol. Daher ist es wichtig, dass Menschen diagnostiziert und, um dies zu tun, &#8220;ist entscheidend f\u00fcr die Unterst\u00fctzung des Paares&#8221;, sagt Dr. Abbot.<\/p>\n<p>Auch das CPAP-Ger\u00e4t verhindert, dass die Kranken zerebrovaskul\u00e4re, Unf\u00e4lle, die leiden &#8220;die erste Ursache f\u00fcr Behinderungen sind&#8221; und, deshalb, eine Quelle der Ausgaben f\u00fcr den Staat unterh\u00e4lt Pujol. Laut Studien von der Neurologe, das Risiko von &#8220;Hirninfarkt ist auf 6,7 Prozent reduziert&#8221; dann erhoben, wenn der Patient ist<\/p>\n<p>Betrifft zwischen 1.250.000 und 2.250.000 Menschen in Spanien<\/p>\n<p>Dar\u00fcber hinaus ist diese Krankheit &#8220;sehr verbreitet, da sie zwischen 4 und 6 Prozent der M\u00e4nner und zwischen 2 und 4 Prozent der Frauen betrifft&#8221;, best\u00e4tigt Abad. Diese vermeintliche &#8220;2.250.000 1.250.000 Menschen mit Schlafapnoe des Traums in Spanien&#8221;, h\u00e4lt.<\/p>\n<p>Seine Symptomatik reagiert auf &#8220;Schnarchen, Schl\u00e4frigkeit, neuropsychiatrische St\u00f6rungen oder M\u00fcdigkeit&#8221;, erkl\u00e4ren die Experten. Aber das Hauptproblem ist &#8220;zerebrovaskul\u00e4re Komplikationen und langfristigen kardiovaskul\u00e4ren&#8221;, bedauerte der Pr\u00e4sident von SES, Dr. Diego Garc\u00eda Borreguero.<\/p>\n<p>In diesem Sinne Pujol betonte, dass &#8220;es eine direkte Beziehung zwischen diesen Krankheiten und Schlaf-Apnoe&#8221;. Vor seinem Gericht &#8220;ist Dan 200 F\u00e4lle je 100.000 Einwohner erh\u00f6hen bis Sie 650 Patienten ist, wenn diese ihnen 50 Jahre treffen&#8221;. Zur gleichen Zeit wie van Experte sorgt daf\u00fcr, dass &#8220;63 % der Menschen mit zerebrovaskul\u00e4ren Problemen mehr als 10 Schlafapnoe w\u00e4hrend Ihrer t\u00e4glichen Pause leiden&#8221;.<\/p>\n<p>F\u00e4llen am auff\u00e4lligsten sind die Hypertensive Themen, da &#8220;30 Prozent auch mit der Atmung stoppt w\u00e4hrend der Nacht hat&#8221;, sagt Abt. Da f\u00fcr \u00fcbergewichtige Menschen, die Daten leicht senken (27 %), aber nicht weniger beunruhigend zu Spezialisten.<\/p>\n<p>Dieser letzten Patienten stehen ein h\u00f6heres Risiko, da&#8221;sie zwischen 2 und 6 Mal h\u00e4ufiger zu sterben&#8221;, gesch\u00e4tzt. Streichelt sie z. B. &#8220;auftreten, Schlaganfall oder Embolien in den meisten F\u00e4llen w\u00e4hrend das Erwachen&#8221;, speziell in 31 Prozent der F\u00e4lle. <\/p>\n<p>Die Behandlung f\u00fcr die Kinder ist die Operation<\/p>\n<p>au\u00dferdem Hindernisse in den Rachenraum und die Atembeschwerden auch Kinder in \u00e4hnlicher Weise betroffen. Die einzigen Unterschiede sind, dass Kinder &#8220;leiden an neurologischen St\u00f6rungen und Hyperaktivit\u00e4t und Aufmerksamkeits-Defizit&#8221;, beschreibt die Neumologa und auch Mitglied der SEPAR, SES, Dr. Maria Luz Alonso.<\/p>\n<p>Zu seinem Prozess ist die Pr\u00e4valenz in diesem Segment der Gesellschaft &#8220;zwischen 2 und 4 Prozent&#8221;, 196.000 Kinder jedes Jahr betroffen. Jedoch obwohl das Eigenschaftsprofil eines schlanken Teen mit kleiner Statur ist, sind \u00fcbergewichtige Kinder leiden am meisten, da &#8220;beide Krankheiten einander vergr\u00f6\u00dfert sind&#8221;, warnt er. Die NANOS-Umfrage unter der Leitung von dieser Experte &#8220;40 Prozent der Kinder leiden unter Schlafapnoe&#8221;.<\/p>\n<p>In Bezug auf die Behandlung, umgekehrt Kinder Apnoe mit Chirurgie statt mit CPAP. Die verwendete Technik ist einfach &#8220;entfernen Vegetationen und Mandeln der jungen Patienten&#8221;, zeigt. Die Erfolgsquote &#8220;erreicht zwischen 70 und 80 Prozent&#8221;, Satz.<\/p>\n<p>Schlie\u00dflich Garc\u00eda Borreguero hat wollte betonen, dass Schlaf-Apnoe &#8220;ist eine leicht erkennbare Krankheit und vermeidbar&#8221;, f\u00fcr welche Nachfrage &#8220;Menschen ist, dass weiterhin Schnarchen und tags\u00fcber Schlafst\u00f6rungen sind Symptome von&#8221; Krankheit. In diesem Sinne beschwert sich Abt, &#8220;nur zwischen 5 und 9 von Hunderten von Patienten diagnostiziert werden. &#8220;Es ist eine ausstehende Rechnung&#8221;, res\u00fcmiert er. <\/p>\n","protected":false},"excerpt":{"rendered":"<p>MADRID, 12 (EUROPA PRESS) Patienten mit Schlafapnoe nicht Vertr\u00e4ge verbrauchen zwei Drittel mehr Gesundheitsressourcen als solche diagnostiziert, wie durch die Neumologa und Mitglied der spanischen Gesellschaft f\u00fcr Pneumologie und Thoraxchirurgie (SEPAR) und der spanischen Gesellschaft des Schlafes (SES), die Dr. Araceli Abad erkl\u00e4rt. Spezialisten haben die vorl\u00e4ufigen Ergebnisse der Studie NANOS aus Anlass des Welttages [&hellip;]<\/p>\n","protected":false},"author":1,"featured_media":0,"comment_status":"close","ping_status":"open","sticky":false,"template":"","format":"standard","meta":{"footnotes":""},"categories":[3],"tags":[],"class_list":["post-43917","post","type-post","status-publish","format-standard","hentry","category-allgemeine","et-doesnt-have-format-content","et_post_format-et-post-format-standard"],"_links":{"self":[{"href":"https:\/\/www.best-dentist-dentistry.com\/de\/wp-json\/wp\/v2\/posts\/43917","targetHints":{"allow":["GET"]}}],"collection":[{"href":"https:\/\/www.best-dentist-dentistry.com\/de\/wp-json\/wp\/v2\/posts"}],"about":[{"href":"https:\/\/www.best-dentist-dentistry.com\/de\/wp-json\/wp\/v2\/types\/post"}],"author":[{"embeddable":true,"href":"https:\/\/www.best-dentist-dentistry.com\/de\/wp-json\/wp\/v2\/users\/1"}],"replies":[{"embeddable":true,"href":"https:\/\/www.best-dentist-dentistry.com\/de\/wp-json\/wp\/v2\/comments?post=43917"}],"version-history":[{"count":0,"href":"https:\/\/www.best-dentist-dentistry.com\/de\/wp-json\/wp\/v2\/posts\/43917\/revisions"}],"wp:attachment":[{"href":"https:\/\/www.best-dentist-dentistry.com\/de\/wp-json\/wp\/v2\/media?parent=43917"}],"wp:term":[{"taxonomy":"category","embeddable":true,"href":"https:\/\/www.best-dentist-dentistry.com\/de\/wp-json\/wp\/v2\/categories?post=43917"},{"taxonomy":"post_tag","embeddable":true,"href":"https:\/\/www.best-dentist-dentistry.com\/de\/wp-json\/wp\/v2\/tags?post=43917"}],"curies":[{"name":"wp","href":"https:\/\/api.w.org\/{rel}","templated":true}]}}