{"id":43995,"date":"2016-08-13T02:20:21","date_gmt":"2016-08-13T02:20:21","guid":{"rendered":null},"modified":"-0001-11-30T00:00:00","modified_gmt":"-0001-11-30T00:00:00","slug":"diagnosis-and-early-intervention-center-receives-350000-euros-to-cater-for-children-under-3-years","status":"publish","type":"post","link":"https:\/\/www.best-dentist-dentistry.com\/de\/diagnosis-and-early-intervention-center-receives-350000-euros-to-cater-for-children-under-3-years\/43995","title":{"rendered":"diagnosis-and-early-intervention-center-receives-350000-euros-to-cater-for-children-under-3-years"},"content":{"rendered":"<p class=\"first\"> <span class=\"yshortcuts\" id=\"lw_1331645791_0\"> VALENCIA<\/span>, 13 (<span class=\"yshortcuts\" id=\"lw_1331645791_1\"> EUROPA PRESS<\/span>)<\/p>\n<p>Der Minister f\u00fcr Justiz und <span class=\"yshortcuts\" id=\"lw_1331645791_2\"> Soziales<\/span>, <span class=\"yshortcuts\" id=\"lw_1331645791_3\"> Jorge Cabr\u00e9<\/span>, Dienstag mit dem Rektor der <span class=\"yshortcuts\" id=\"lw_1331645791_4\"> Universit\u00e4t von Valencia<\/span>, <span class=\"yshortcuts\" id=\"lw_1331645791_5\"> Esteban<\/span> <span class=\"yshortcuts\" id=\"lw_1331645791_6\"> Morcillo<\/span>, <span class=\"yshortcuts\" id=\"lw_1331645791_7\"> die Konvention<\/span> Wartungszentrum <span class=\"yshortcuts\" id=\"lw_1331645791_8\"> Universitari<\/span> de Diagnose unterzeichnet ich Atenci\u00f3 Primerenca-CUDAT, wobei der Generalitat Valenciana 349,991 Euro in diesem Jahr bestimmt dieses Zentrum verantwortlich f\u00fcr Gesundheitswesen und pr\u00e4ventive Behandlung von Kindern unter 3 Jahren mit den Problemen der Entwicklung oder Gefahr l\u00e4uft, it.<\/p>\n<p>Dieses Center, das im Jahr 2006 als Ergebnis der Zusammenarbeit zwischen dem Department of Justice und soziale Wohlfahrt und der Universit\u00e4t von Valencia geboren wurde, betreut derzeit mehr als 100 Kinder. Der die Summe der Quadrate der Generalit\u00c3 \u00a4 t hat 70 konzertierte.<\/p>\n<p>Der Direktor des Zentrums, Francisco Alcantud, erkl\u00e4rte, dass dieses Zentrum Kinder mit allen m\u00f6glichen Krankheiten behandelt. Die erste Gruppe mit Kindern mit Erkrankungen der gute Evolution, wie Kinder mit geringem Gewicht bei der Geburt, w\u00e4hrend die zweite Gruppe, die am h\u00e4ufigsten vorkommende machen was Kinder mit Autismus, und sie sind bis zu 4 Jahren, wenn sie zur Bildung abgeleitet werden. <\/p>\n<p>Zentrum dient, ambulant, die Bed\u00fcrfnisse von Kindern, die St\u00f6rungen in ihrer Entwicklung oder sind von Leiden sie aus ganzheitlicher Sicht, w\u00e4hrend Bio-Psycho-soziale Aspekte zur Verbesserung ihrer Kapazit\u00e4ten f\u00fcr Entwicklung und Wohlbefinden, ihre Integration in Familie, Schule und soziales Umfeld sowie ihre pers\u00f6nliche Autonomie bedroht.<\/p>\n<p>In diesem Zusammenhang erkl\u00e4rte, dass bei einer Familie teilt mit, dass das Kind diese St\u00f6rung hat, sogar &#8220;einen erheblichen emotionalen Schock&#8221; leidet &#8220;oft Destrukturierung Koexistenz&#8221;. Aus diesem Grund auch fr\u00fche moderne Versorgung Familienpflege.   <\/p>\n<p>Die CUDAP Aktivit\u00e4ten werden durch f\u00fcnf Kern-Programme, die Physiotherapie, Logop\u00e4die, kognitive Entwicklung, Unterst\u00fctzung und Familienberatung enthalten, und das Bewusstsein f\u00fcr die Umwelt des Kindes orchestriert. Von verschiedenen R\u00e4umen durchzuf\u00fchrende Eingriffe mit dem Kind und seiner Familie (Orientierung Familie, Psychologen, Logop\u00e4den usw.), hat auch, Halle der Physiotherapie, multifunktionalen Raum zur Entfaltung von Aktivit\u00e4ten-Einzel- und Gruppenunterricht und Zimmer der Stimulation neurokognitiven e Integration sensorischer. <\/p>\n<p>F\u00fcr seinen Teil, wiederholte der Minister Jorge Cabr\u00e9 &#8220;die Bedeutung der Fr\u00fcherkennung von einigen Ver\u00e4nderungen in der Entwicklung von Kindern, die eine deutliche Verbesserung ihrer Lebensqualit\u00e4t ist&#8221;, und hat daf\u00fcr gesorgt, dass &#8220;durch Behandlung im Fr\u00fchstadium ist Zentren gab ihnen eine geeignete Reifung in allen Bereichen&#8221;.<\/p>\n<p>1.800 Pl\u00e4tze in der Gemeinschaft<\/p>\n<p>Derzeit Valencia hat 31 fr\u00fchen Versorgungszentren f\u00fcr Pflege oder vorbeugende Behandlung von Kindern mit Problemen der Entwicklung oder Risiko leiden, die insgesamt 1.800 Sitzpl\u00e4tze angeboten, f\u00fcr Kinder im Alter von 0 bis 3, so dass Sie mehr als 4.000 Kinder t\u00e4gliche Aufmerksamkeit.<\/p>\n<p>Diese Zentren h\u00e4ngen von Entit\u00e4ten ohne Geist des Gewinns als die Asindown-Stiftung und der valencianischen Verein Hilfe f\u00fcr das Cerebral Palsy (AVAPACE) oder Gemeinden wie Xativa und Orihuela, unter anderen. Im Jahr 2012, das Department of Justice und Soziales stellt f\u00fcr 6,1 Millionen Euro in Form von Zusch\u00fcssen zu diesen Zentren.<\/p>\n<p>&#8220;Trotz der Wirtschaftskrise hat die Regierung nicht abgenommen, Budget f\u00fcr die schw\u00e4chsten Elemente, und in einigen F\u00e4llen hat es sie als solche f\u00fcr Menschen mit Behinderungen, die in dieser \u00dcbung von 6,4 Milliarden Euro mehr als im Jahr 2011 erh\u00f6ht bestimmt zugenommen&#8221;, unterstrich er.<\/p>\n<p>F\u00fcr seinen Teil, der Rektor der Universit\u00e4t, Esteban Morcillo, hervorgehoben durch die Lehre und Forschung der CUDAT Arbeit und hat auch deutlich gemacht, dass moderne Gesellschaften m\u00fcssen &#8220;Sensibilit\u00e4t gegen\u00fcber der am st\u00e4rksten benachteiligten&#8221; und &#8220;alles m\u00f6gliche tun, um sie in die Gesellschaft zu integrieren&#8221;.<\/p>\n","protected":false},"excerpt":{"rendered":"<p>VALENCIA, 13 ( EUROPA PRESS) Der Minister f\u00fcr Justiz und Soziales, Jorge Cabr\u00e9, Dienstag mit dem Rektor der Universit\u00e4t von Valencia, Esteban Morcillo, die Konvention Wartungszentrum Universitari de Diagnose unterzeichnet ich Atenci\u00f3 Primerenca-CUDAT, wobei der Generalitat Valenciana 349,991 Euro in diesem Jahr bestimmt dieses Zentrum verantwortlich f\u00fcr Gesundheitswesen und pr\u00e4ventive Behandlung von Kindern unter 3 [&hellip;]<\/p>\n","protected":false},"author":1,"featured_media":0,"comment_status":"close","ping_status":"open","sticky":false,"template":"","format":"standard","meta":{"footnotes":""},"categories":[3],"tags":[51738],"class_list":["post-43995","post","type-post","status-publish","format-standard","hentry","category-allgemeine","tag-verfrht","et-doesnt-have-format-content","et_post_format-et-post-format-standard"],"_links":{"self":[{"href":"https:\/\/www.best-dentist-dentistry.com\/de\/wp-json\/wp\/v2\/posts\/43995","targetHints":{"allow":["GET"]}}],"collection":[{"href":"https:\/\/www.best-dentist-dentistry.com\/de\/wp-json\/wp\/v2\/posts"}],"about":[{"href":"https:\/\/www.best-dentist-dentistry.com\/de\/wp-json\/wp\/v2\/types\/post"}],"author":[{"embeddable":true,"href":"https:\/\/www.best-dentist-dentistry.com\/de\/wp-json\/wp\/v2\/users\/1"}],"replies":[{"embeddable":true,"href":"https:\/\/www.best-dentist-dentistry.com\/de\/wp-json\/wp\/v2\/comments?post=43995"}],"version-history":[{"count":0,"href":"https:\/\/www.best-dentist-dentistry.com\/de\/wp-json\/wp\/v2\/posts\/43995\/revisions"}],"wp:attachment":[{"href":"https:\/\/www.best-dentist-dentistry.com\/de\/wp-json\/wp\/v2\/media?parent=43995"}],"wp:term":[{"taxonomy":"category","embeddable":true,"href":"https:\/\/www.best-dentist-dentistry.com\/de\/wp-json\/wp\/v2\/categories?post=43995"},{"taxonomy":"post_tag","embeddable":true,"href":"https:\/\/www.best-dentist-dentistry.com\/de\/wp-json\/wp\/v2\/tags?post=43995"}],"curies":[{"name":"wp","href":"https:\/\/api.w.org\/{rel}","templated":true}]}}