{"id":44182,"date":"2016-10-22T02:21:18","date_gmt":"2016-10-22T02:21:18","guid":{"rendered":null},"modified":"-0001-11-30T00:00:00","modified_gmt":"-0001-11-30T00:00:00","slug":"pope-defends-ensure-is-for-all-appropriate-access-to-water","status":"publish","type":"post","link":"https:\/\/www.best-dentist-dentistry.com\/de\/pope-defends-ensure-is-for-all-appropriate-access-to-water\/44182","title":{"rendered":"Papst verteidigt sicherzustellen ist &#8220;f\u00fcr alle&#8221; &#8220;geeignete Zugang&#8221; zu Wasser"},"content":{"rendered":"<p class=\"first\"> <span class=\"yshortcuts\" id=\"lw_1332076576_0\"> Vatikanstadt<\/span>, 18 Mar (<span class=\"yshortcuts\" id=\"lw_1332076576_1\"> EFE<\/span>).-<span class=\"yshortcuts\" id=\"lw_1332076576_2\"> Papst Benedikt XVI.<\/span> verteidigt die Notwendigkeit, &#8220;f\u00fcr alle&#8221; garantieren eine &#8220;gerechte, sichere und angemessene <span class=\"yshortcuts\"id=\"lw_1332076576_3\"> Wasser&#8221;<\/span> Zugriff auf Tausende von Gl\u00e4ubigen, die <span class=\"yshortcuts\" id=\"lw_1332076576_4\"> St. Peter<\/span> Platz f\u00fcr den Sonntag Angelus-Gebet kam.<\/p>\n<p>Der Papst erinnerte daran, dass Samstag in Marseille (<span class=\"yshortcuts\" id=\"lw_1332076576_5\"> Frankreich<\/span>) VI <span class=\"yshortcuts\" id=\"lw_1332076576_6\"> World Forum<\/span> <span class=\"yshortcuts\" id=\"lw_1332076576_7\"> Wasser geschlossen<\/span> und am kommenden Donnerstag <span class=\"yshortcuts\" id=\"lw_1332076576_8\"> Welttag<\/span> des Wassers feiert, die in diesem Jahr konzentriert sich auf die Beziehung dieser &#8220;wertvolle und begrenzte Ressource mit Ern\u00e4hrungssicherheit&#8221;.<\/p>\n<p>Benedicto XVI hoffte, dass diese Initiativen &#8220;f\u00fcr alle&#8221; beitragen werden einen &#8220;fairen&#8221; Zugang zu Wasser, und somit zu f\u00f6rdern &#8220;das Recht auf Leben und die Ern\u00e4hrung eines jeden menschlichen Wesens und den verantwortlich und solidarischen Umgang der G\u00fcter der Erde, zum Nutzen heutiger und k\u00fcnftiger Generationen&#8221;.<\/p>\n<p>Der Papst zur Kenntnis genommen, dass morgen wird das Festival von San Jose und &#8220;from the Heart&#8221; dankte all diejenigen, die eine Erinnerung f\u00fcr ihn in ihre Gebete am Tag seiner Onomastik.<\/p>\n<p>Auch fordert die Gl\u00e4ubigen zu beten f\u00fcr seinen apostolischen Besuch nach Mexiko und Kuba, die zwischen 23 und 28 Micha stattfinden wird<\/p>\n<p>Auf der anderen Seite der Papst Theologe, der daran erinnert, dass heute ist der vierte Sonntag im geliehen, betonte, dass jeder die S\u00fcnden bekennen muss, so dass &#8220;die Vergebung Gottes in seinem Herzen und in seinem Leben&#8221; wirken kann.<\/p>\n<p>&#8220;Manchmal Mann liebt mehr Schatten als Licht, denn es ist ihre S\u00fcnden an, aber nur, wenn es \u00f6ffnet, um Licht und aufrichtig bekennen ihre eigenen du Schuld Gott, wahren Frieden und wahre Freude ist&#8221;, sagte er. EFE<\/p>\n","protected":false},"excerpt":{"rendered":"<p>Vatikanstadt, 18 Mar ( EFE).- Papst Benedikt XVI. verteidigt die Notwendigkeit, &#8220;f\u00fcr alle&#8221; garantieren eine &#8220;gerechte, sichere und angemessene Wasser&#8221; Zugriff auf Tausende von Gl\u00e4ubigen, die St. Peter Platz f\u00fcr den Sonntag Angelus-Gebet kam. Der Papst erinnerte daran, dass Samstag in Marseille ( Frankreich) VI World Forum Wasser geschlossen und am kommenden Donnerstag Welttag des [&hellip;]<\/p>\n","protected":false},"author":1,"featured_media":0,"comment_status":"close","ping_status":"open","sticky":false,"template":"","format":"standard","meta":{"footnotes":""},"categories":[3],"tags":[],"class_list":["post-44182","post","type-post","status-publish","format-standard","hentry","category-allgemeine","et-doesnt-have-format-content","et_post_format-et-post-format-standard"],"_links":{"self":[{"href":"https:\/\/www.best-dentist-dentistry.com\/de\/wp-json\/wp\/v2\/posts\/44182","targetHints":{"allow":["GET"]}}],"collection":[{"href":"https:\/\/www.best-dentist-dentistry.com\/de\/wp-json\/wp\/v2\/posts"}],"about":[{"href":"https:\/\/www.best-dentist-dentistry.com\/de\/wp-json\/wp\/v2\/types\/post"}],"author":[{"embeddable":true,"href":"https:\/\/www.best-dentist-dentistry.com\/de\/wp-json\/wp\/v2\/users\/1"}],"replies":[{"embeddable":true,"href":"https:\/\/www.best-dentist-dentistry.com\/de\/wp-json\/wp\/v2\/comments?post=44182"}],"version-history":[{"count":0,"href":"https:\/\/www.best-dentist-dentistry.com\/de\/wp-json\/wp\/v2\/posts\/44182\/revisions"}],"wp:attachment":[{"href":"https:\/\/www.best-dentist-dentistry.com\/de\/wp-json\/wp\/v2\/media?parent=44182"}],"wp:term":[{"taxonomy":"category","embeddable":true,"href":"https:\/\/www.best-dentist-dentistry.com\/de\/wp-json\/wp\/v2\/categories?post=44182"},{"taxonomy":"post_tag","embeddable":true,"href":"https:\/\/www.best-dentist-dentistry.com\/de\/wp-json\/wp\/v2\/tags?post=44182"}],"curies":[{"name":"wp","href":"https:\/\/api.w.org\/{rel}","templated":true}]}}