{"id":4420,"date":"2012-03-19T18:00:17","date_gmt":"2012-03-19T18:00:17","guid":{"rendered":null},"modified":"-0001-11-30T00:00:00","modified_gmt":"-0001-11-30T00:00:00","slug":"meets-the-i-contest-of-photography-on-rheumatic-diseases-to-raise-awareness-about-the-importance-of-early-diagnosis","status":"publish","type":"post","link":"https:\/\/www.best-dentist-dentistry.com\/de\/meets-the-i-contest-of-photography-on-rheumatic-diseases-to-raise-awareness-about-the-importance-of-early-diagnosis\/4420","title":{"rendered":"Trifft die ich Wettbewerb der Fotografie auf rheumatische Erkrankungen, das Bewusstsein \u00fcber die Bedeutung der Anfangsdiagnose."},"content":{"rendered":"<p><strong>Trifft die ich bestreiten der Fotografie auf rheumatische Erkrankungen, das Bewusstsein \u00fcber die Bedeutung der Anfangsdiagnose. <\/p>\n<p><\/strong><font size=\"2\"> <strong>pilar Farjas, Generalsekret\u00e4r der Gesundheit und Verbrauch des Ministeriums f\u00fcr Gesundheit, soziale Dienste und Gleichheit, ist Teil der Jury.<\/strong> <\/p>\n<p>-F\u00fcr die erste Zeit verschiedene Punkte Spaniens Patientenverb\u00e4nde Kr\u00e4fte b\u00fcndeln, um dieses Ereignis zu organisieren, der darauf abzielt, das Bewusstsein \u00fcber die Wichtigkeit der Teilnahme an der Spezialist in den ersten sechs Monaten der Krankheit <\/p>\n<p>-eine fr\u00fche Diagnose reduziert die Auswirkungen der Krankheit und die damit verbundenen Kosten, einschlie\u00dflich der Arbeit <\/p>\n<p>-das Ereignis verf\u00fcgt \u00fcber eine spezifische Kategorie f\u00fcr Gesundheitsberufe, die Bilder zeigen die Auswirkungen der Krankheit des Patienten senden k\u00f6nnen <\/p>\n<p> <strong>Madrid, M\u00e4rz 2012.-<\/strong> der nationale Koordinator der Arthritis (ConArtritis), der Spanisch-Koordinator der Verb\u00e4nde, der galicischen Reumatol\u00f3xica League und la Liga rheumatologische Catalana, in Zusammenarbeit mit Abbott, ankylosierende teamed bis, einzuberufen, die ich bestreiten der Fotografie auf rheumatische Erkrankung. Der Wettbewerb, offen f\u00fcr die Beteiligung von Patienten, medizinische und allgemeine Bev\u00f6lkerung, soll aufmerksam machen auf die Bedeutung der Anfangsdiagnose, die individuelle und gesellschaftliche Auswirkungen der diese Pathologien sowie die fundamentale Rolle der Arzt-Patient-Beziehung und die Einbeziehung des Patienten in das Fortschreiten der Krankheit zu reduzieren. <\/p>\n<p>Eine fr\u00fchzeitige Diagnose ist der Schl\u00fcssel zur verbesserten therapeutischen Reaktion und reduziert die Auswirkungen der Krankheit bei den Patienten und seine Umgebung als auch dazu f\u00fchren, dass eine signifikante Reduktion der Kosten f\u00fcr Gesundheit und Arbeit. Rheumatische Erkrankungen sind in der Tat, die Hauptursache f\u00fcr vor\u00fcbergehende Behinderung in Spanien, mit insgesamt 39 Millionen Krankheitstage pro Jahr unter allen Patienten, nach den Daten aus dem Bericht Gesundheit und Arbeit. <\/p>\n<p>Daher die Organisatoren dieses Fotografie-Wettbewerbs, die ich versuchen, das Bewusstsein in der Gesellschaft \u00fcber die Notwendigkeit, dem Spezialisten zu gehen, als sie anfingen, fr\u00fche Symptome entstehen. In diesem Sinne leiden mehr als 10 Millionen Spanier \u00e4lter als 20 Jahre den gleichen Bericht zufolge derzeit eine Art der rheumatischen Krankheit, bei welcher Standplatz heraus, seine Auswirkungen und Pr\u00e4valenz, rheumatoider Arthritis oder ankylosierende Spondylitis. <\/p>\n<p><strong>Die FAPE und ANIGP-TV, unter den Mitgliedern der Jury<\/strong> <\/p>\n<p>Die Jury wird durch den Generalsekret\u00e4r der Gesundheit und Verbrauch des Ministeriums f\u00fcr Gesundheit, Soziales und Gleichstellung, Pilar Farjas zusammensetzen; der Pr\u00e4sident der F\u00f6deration der Verb\u00e4nde der Journalisten von Spanien (FAPE), Elsa Gonz\u00e1lez; der Pr\u00e4sident der nationalen Vereinigung der Informanten Grafiken Presse und Fernsehen (ANIGP-TV), Luis Mariano Mart\u00ednez; der Pr\u00e4sident des nationalen Koordinators von Arthritis, Antonio I.Torralba; der Vertreter der nationalen Koordinator der Spondylitis, Pedro Plazuelo; die Liga rheumatologische Gallega, Ana Vazquez, Pr\u00e4sident und Vizepr\u00e4sident der Rheumatologie Lliga Catalana, D\u00e0maris Juan. <\/p>\n<p><strong>Berufskategorien f\u00fcr die allgemeine Bev\u00f6lkerung, Patienten und Gesundheit<\/strong> <\/p>\n<p>Die Grundlagen des Wettbewerbs finden Sie hier. Es gibt drei verschiedene Kategorien: \u00d6ffentlichkeit, \u00c4rzte und Patienten Vereinigungen, jeweils ausgestattet mit einem Preis von 1.200 Euro. Au\u00dferdem wird eine Canon Kamera das Bild vergeben, die mehr von Personen gew\u00e4hlt ist, wer Zugriff haben, und w\u00e4hlen Sie die beste Fotografie im Web. <\/p>\n<p>Jeder Teilnehmer kann bis zu drei Werke, vorlegen, die der einzelne Bilder oder eine Reihe von drei bestehen kann. Auf jeden Fall, Bilder, die bisher unver\u00f6ffentlichte mu\u00df und in fr\u00fcheren Wettbewerben vorgelegt wurden m\u00f6glicherweise in Schwarzwei\u00df oder Farbe. Die ausgew\u00e4hlten Werke werden Teil einer Ausstellung, in denen die besten 40 Werken teilnehmen. <\/p>\n<p>Die Frist f\u00fcr den Eingang der Arbeit begann am vergangenen Mittwoch und schlie\u00dfen um 15:00 Uhr der 30. Mai 2012. Bilder in digitaler Form pr\u00e4sentiert werden und per E-mail an die Adresse certamenfotografia@ketchumpleon.com gesendet werden. Die Arbeiten sollten im JPG-Format mit mindestens 500 KB und maximal 8 MB digitalen Aufl\u00f6sung. <\/p>\n<p><strong>Auf rheumatische Erkrankungen<\/strong> <\/p>\n<p>Muskel- oder rheumatische (ER) Erkrankungen manifestieren sich in der Regel durch eine Entz\u00fcndung der Gelenke der Extremit\u00e4ten und zeichnen sich durch starke Schmerzen. Unter diesem Namen sind mehr als 200 Beschwerden unter anderem, durch die hohe Pr\u00e4valenz, rheumatoide Arthritis oder Morbus Bechterew. <\/p>\n<p><\/font><\/p>\n","protected":false},"excerpt":{"rendered":"<p>Trifft die ich bestreiten der Fotografie auf rheumatische Erkrankungen, das Bewusstsein \u00fcber die Bedeutung der Anfangsdiagnose. pilar Farjas, Generalsekret\u00e4r der Gesundheit und Verbrauch des Ministeriums f\u00fcr Gesundheit, soziale Dienste und Gleichheit, ist Teil der Jury. -F\u00fcr die erste Zeit verschiedene Punkte Spaniens Patientenverb\u00e4nde Kr\u00e4fte b\u00fcndeln, um dieses Ereignis zu organisieren, der darauf abzielt, das Bewusstsein [&hellip;]<\/p>\n","protected":false},"author":1,"featured_media":0,"comment_status":"close","ping_status":"open","sticky":false,"template":"","format":"standard","meta":{"footnotes":""},"categories":[3],"tags":[13765,13764],"class_list":["post-4420","post","type-post","status-publish","format-standard","hentry","category-allgemeine","tag-anfangsdiagnose","tag-vermeidbar","et-doesnt-have-format-content","et_post_format-et-post-format-standard"],"_links":{"self":[{"href":"https:\/\/www.best-dentist-dentistry.com\/de\/wp-json\/wp\/v2\/posts\/4420","targetHints":{"allow":["GET"]}}],"collection":[{"href":"https:\/\/www.best-dentist-dentistry.com\/de\/wp-json\/wp\/v2\/posts"}],"about":[{"href":"https:\/\/www.best-dentist-dentistry.com\/de\/wp-json\/wp\/v2\/types\/post"}],"author":[{"embeddable":true,"href":"https:\/\/www.best-dentist-dentistry.com\/de\/wp-json\/wp\/v2\/users\/1"}],"replies":[{"embeddable":true,"href":"https:\/\/www.best-dentist-dentistry.com\/de\/wp-json\/wp\/v2\/comments?post=4420"}],"version-history":[{"count":0,"href":"https:\/\/www.best-dentist-dentistry.com\/de\/wp-json\/wp\/v2\/posts\/4420\/revisions"}],"wp:attachment":[{"href":"https:\/\/www.best-dentist-dentistry.com\/de\/wp-json\/wp\/v2\/media?parent=4420"}],"wp:term":[{"taxonomy":"category","embeddable":true,"href":"https:\/\/www.best-dentist-dentistry.com\/de\/wp-json\/wp\/v2\/categories?post=4420"},{"taxonomy":"post_tag","embeddable":true,"href":"https:\/\/www.best-dentist-dentistry.com\/de\/wp-json\/wp\/v2\/tags?post=4420"}],"curies":[{"name":"wp","href":"https:\/\/api.w.org\/{rel}","templated":true}]}}