{"id":4422,"date":"2012-03-19T18:00:26","date_gmt":"2012-03-19T18:00:26","guid":{"rendered":null},"modified":"-0001-11-30T00:00:00","modified_gmt":"-0001-11-30T00:00:00","slug":"the-day-of-the-voice-will-provide-free-diagnoses-and-a-phone-consultations-for-the-population","status":"publish","type":"post","link":"https:\/\/www.best-dentist-dentistry.com\/de\/the-day-of-the-voice-will-provide-free-diagnoses-and-a-phone-consultations-for-the-population\/4422","title":{"rendered":"Der Tag der Stimme bietet kostenlose Diagnosen und ein Telefon Konsultationen f\u00fcr die Bev\u00f6lkerung."},"content":{"rendered":"<p><strong>Am Tag der Stimme bieten kostenlose Diagnosen und ein Telefon Konsultationen f\u00fcr die Bev\u00f6lkerung. <\/p>\n<p> <font   size=\"2\"> el 16 de April ist der Tag-Welt der Stimme. <br \/><\/font><\/strong> <br \/> <font   size=\"2\">-mehr als 4 alle 10 spanischen Professoren verursachte Krankheitsurlaub an einem gewissen Punkt in ihrem Leben mit Gewalt den Einsatz von Gesang <\/p>\n<p> <strong>Madrid, M\u00e4rz 2012.-<\/strong> Otolaryngologists und Logofoniatras von mehreren spanischen St\u00e4dten wird bieten Beratung und Diagnose des Kehlkopfes und Stimme mit anl\u00e4sslich des Internationalen Tages der Stimme, organisiert von der spanischen Gesellschaft f\u00fcr HNO-Heilkunde und Geb\u00e4rmutterhalskrebs-Facial Pathologie (SEORL). <\/p>\n<p>In diesem Jahr ist das Thema f\u00fcr die Kampagne ausgew\u00e4hlt Ihre Voice-Konto. Es ist vorgesehen, das Bewusstsein \u00fcber die Bedeutung der Stimme im t\u00e4glichen Leben, beruflichen und pers\u00f6nlichen Beziehungen. W\u00e4hrend der Woche von 16 bis 22 April stehen den B\u00fcrgern eine kostenlose Handy-Beratung \u00fcber die verschiedenen St\u00f6rungen der Stimme und die Vorteile der F\u00fcrsorge f\u00fcr die Stimmb\u00e4nder zugeordnet. Praktiker die Kampagne beitreten und bieten kostenlose Diagnose Stimme wollen gehen zu info@vozsana.com. <\/p>\n<p>Dysphonie kann durch verschiedene Ursachen, wie eine Erk\u00e4ltung oder eine rechtzeitige Bem\u00fchung an einem lauten Ort, z. B. ein Konzert oder eine Sportveranstaltung verursacht werden. Jedoch  ist die Verbesserung der Stimme nach 10 Tage dort zu achten, weil es, aufgrund einer vocal Pathologie sein k\u00f6nnte &#8221;, laut Dr. Primitivo Ortega, Pr\u00e4sident der SEORL. In diesem Zusammenhang hinzuf\u00fcgt,  Stimme \u00e4ndert m\u00f6glicherweise die Entstehung anderer Krankheiten Angabe werden &#8221;. <\/p>\n<p>Etwa 5 % der Spanier leidet einige Stimmband-St\u00f6rung, die \u00e4rztliche Behandlung erfordert laut Daten von der SEORL,  und am st\u00e4rksten betroffen sind die Profis, die die Stimme als Arbeitswerkzeug, wie z. B. Lehrer, Verk\u00e4ufer und Telefon &#8221;, laut Marta Pinillos Logofoniatra.  Beide mehrere Stunden lang sprechen m\u00fcssen und viele Male haben keine Medien oder das geeignete Umfeld &#8221;, f\u00fcgt. <\/p>\n<p>Eine Studie von der F\u00f6deration der Lehre von CCOO zeigt, dass 12 % der Lehrer niedrig aufgrund von Problemen mit der Stimme mindestens einmal pro Jahr f\u00fchren. Zus\u00e4tzlich  40 % hat irgendwann in seinem Leben durch Krankheiten der Stimmb\u00e4nder stillgelegt worden &#8221; und in den letzten drei Jahren  verkn\u00fcpft wurden fast alle Opfer von Lehrern Pathologien der Stimme &#8221;, laut den Autoren der Forschung. <\/p>\n<p><\/font><\/p>\n","protected":false},"excerpt":{"rendered":"<p>Am Tag der Stimme bieten kostenlose Diagnosen und ein Telefon Konsultationen f\u00fcr die Bev\u00f6lkerung. el 16 de April ist der Tag-Welt der Stimme. -mehr als 4 alle 10 spanischen Professoren verursachte Krankheitsurlaub an einem gewissen Punkt in ihrem Leben mit Gewalt den Einsatz von Gesang Madrid, M\u00e4rz 2012.- Otolaryngologists und Logofoniatras von mehreren spanischen St\u00e4dten [&hellip;]<\/p>\n","protected":false},"author":1,"featured_media":0,"comment_status":"close","ping_status":"open","sticky":false,"template":"","format":"standard","meta":{"footnotes":""},"categories":[3],"tags":[13770,13769,13771],"class_list":["post-4422","post","type-post","status-publish","format-standard","hentry","category-allgemeine","tag-diagnosen","tag-farmacogentico","tag-stimme","et-doesnt-have-format-content","et_post_format-et-post-format-standard"],"_links":{"self":[{"href":"https:\/\/www.best-dentist-dentistry.com\/de\/wp-json\/wp\/v2\/posts\/4422","targetHints":{"allow":["GET"]}}],"collection":[{"href":"https:\/\/www.best-dentist-dentistry.com\/de\/wp-json\/wp\/v2\/posts"}],"about":[{"href":"https:\/\/www.best-dentist-dentistry.com\/de\/wp-json\/wp\/v2\/types\/post"}],"author":[{"embeddable":true,"href":"https:\/\/www.best-dentist-dentistry.com\/de\/wp-json\/wp\/v2\/users\/1"}],"replies":[{"embeddable":true,"href":"https:\/\/www.best-dentist-dentistry.com\/de\/wp-json\/wp\/v2\/comments?post=4422"}],"version-history":[{"count":0,"href":"https:\/\/www.best-dentist-dentistry.com\/de\/wp-json\/wp\/v2\/posts\/4422\/revisions"}],"wp:attachment":[{"href":"https:\/\/www.best-dentist-dentistry.com\/de\/wp-json\/wp\/v2\/media?parent=4422"}],"wp:term":[{"taxonomy":"category","embeddable":true,"href":"https:\/\/www.best-dentist-dentistry.com\/de\/wp-json\/wp\/v2\/categories?post=4422"},{"taxonomy":"post_tag","embeddable":true,"href":"https:\/\/www.best-dentist-dentistry.com\/de\/wp-json\/wp\/v2\/tags?post=4422"}],"curies":[{"name":"wp","href":"https:\/\/api.w.org\/{rel}","templated":true}]}}