{"id":44225,"date":"2016-11-19T02:21:17","date_gmt":"2016-11-19T02:21:17","guid":{"rendered":null},"modified":"-0001-11-30T00:00:00","modified_gmt":"-0001-11-30T00:00:00","slug":"ciu-asks-the-government-measures-being-taken-against-anorexia-and-bulimia-on-the-internet-and-media","status":"publish","type":"post","link":"https:\/\/www.best-dentist-dentistry.com\/de\/ciu-asks-the-government-measures-being-taken-against-anorexia-and-bulimia-on-the-internet-and-media\/44225","title":{"rendered":"ciu-asks-the-government-measures-being-taken-against-anorexia-and-bulimia-on-the-internet-and-media"},"content":{"rendered":"<p class=\"first\"> MADRID, 18 (EUROPA PRESS)<\/p>\n<p>Die parlamentarische Gruppe Konvergenz und Union (CiU) verzeichnet eine Reihe von Fragen auf dem Kongress, wo er die Regierung die Ma\u00dfnahmen erl\u00e4utern bittet, die stattfinden wird, gegen Magersucht und Bulimie, in Bereichen wie soziale Netzwerke und Medien<\/p>\n<p>The Deputy Carles Campuzano verzeichnete ich Canades, vier schriftliche Anfragen erhalten von Reuters, wo Anforderungen an die Ma\u00dfnahmen, die beabsichtigen, zur &#8220;Verh\u00fctung und Bek\u00e4mpfung wie Anorexie und Bulimie Essst\u00f6rungen&#8221; festgelegt, und, insbesondere im Bereich der Mode, vor allem &#8220;im Hinblick auf die Gr\u00f6\u00dfen der Kleidung&#8221;, im Bereich der sozialen Netzwerke und das Internet; und Zu guter Letzt in den Kommunikationsmedien.<\/p>\n<p>Zum selben Thema Campuzano ich Canades erwartet, dass die zentrale Exekutive reagieren \u00fcber wie es den Vorschlag eines Wechsels zu bek\u00e4mpfen Essst\u00f6rungen (161\/002234) einhalten wird, genehmigt durch den Ausschuss f\u00fcr Gesundheit, Sozialpolitik und Verbrauch, dem letzten Parlament in seiner Sitzung am 25 Mai 2011.<\/p>\n<p>Auf der anderen Seite Mar\u00eda Concepci\u00f3 Tarruella Tom\u00e0s auch der CiU stellvertretender fordert die Regierung f\u00fcr die Ma\u00dfnahmen, die es zu ergreifen, um die Bewegung durch die Anrufung von seiner Gruppe, genehmigt am 16. M\u00e4rz 2010 im Kongress zur F\u00f6rderung einer besseren Lebensqualit\u00e4t und Zugang zur Behandlung von seltenen Krankheiten betroffenen gleich erf\u00fcllen gedenkt.<\/p>\n","protected":false},"excerpt":{"rendered":"<p>MADRID, 18 (EUROPA PRESS) Die parlamentarische Gruppe Konvergenz und Union (CiU) verzeichnet eine Reihe von Fragen auf dem Kongress, wo er die Regierung die Ma\u00dfnahmen erl\u00e4utern bittet, die stattfinden wird, gegen Magersucht und Bulimie, in Bereichen wie soziale Netzwerke und Medien The Deputy Carles Campuzano verzeichnete ich Canades, vier schriftliche Anfragen erhalten von Reuters, wo [&hellip;]<\/p>\n","protected":false},"author":1,"featured_media":0,"comment_status":"close","ping_status":"open","sticky":false,"template":"","format":"standard","meta":{"footnotes":""},"categories":[3],"tags":[],"class_list":["post-44225","post","type-post","status-publish","format-standard","hentry","category-allgemeine","et-doesnt-have-format-content","et_post_format-et-post-format-standard"],"_links":{"self":[{"href":"https:\/\/www.best-dentist-dentistry.com\/de\/wp-json\/wp\/v2\/posts\/44225","targetHints":{"allow":["GET"]}}],"collection":[{"href":"https:\/\/www.best-dentist-dentistry.com\/de\/wp-json\/wp\/v2\/posts"}],"about":[{"href":"https:\/\/www.best-dentist-dentistry.com\/de\/wp-json\/wp\/v2\/types\/post"}],"author":[{"embeddable":true,"href":"https:\/\/www.best-dentist-dentistry.com\/de\/wp-json\/wp\/v2\/users\/1"}],"replies":[{"embeddable":true,"href":"https:\/\/www.best-dentist-dentistry.com\/de\/wp-json\/wp\/v2\/comments?post=44225"}],"version-history":[{"count":0,"href":"https:\/\/www.best-dentist-dentistry.com\/de\/wp-json\/wp\/v2\/posts\/44225\/revisions"}],"wp:attachment":[{"href":"https:\/\/www.best-dentist-dentistry.com\/de\/wp-json\/wp\/v2\/media?parent=44225"}],"wp:term":[{"taxonomy":"category","embeddable":true,"href":"https:\/\/www.best-dentist-dentistry.com\/de\/wp-json\/wp\/v2\/categories?post=44225"},{"taxonomy":"post_tag","embeddable":true,"href":"https:\/\/www.best-dentist-dentistry.com\/de\/wp-json\/wp\/v2\/tags?post=44225"}],"curies":[{"name":"wp","href":"https:\/\/api.w.org\/{rel}","templated":true}]}}