{"id":4438,"date":"2012-03-20T10:02:14","date_gmt":"2012-03-20T10:02:14","guid":{"rendered":null},"modified":"-0001-11-30T00:00:00","modified_gmt":"-0001-11-30T00:00:00","slug":"sanz-reiterates-the-need-for-compensation-to-provide-healthcare-to-the-basques","status":"publish","type":"post","link":"https:\/\/www.best-dentist-dentistry.com\/de\/sanz-reiterates-the-need-for-compensation-to-provide-healthcare-to-the-basques\/4438","title":{"rendered":"Sanz bekr\u00e4ftigt die Notwendigkeit f\u00fcr die Entsch\u00e4digung von den Basken Gesundheitsversorgung anzubieten"},"content":{"rendered":"<p class=\"first\"> HARO (LA RIOJA), 20 (EUROPA PRESS)<\/p>\n<p>Der Pr\u00e4sident der Regierung von La Rioja, Pedro Sanz, hat heute Morgen bekr\u00e4ftigt die Notwendigkeit, &#8220;Entsch\u00e4digung&#8221;, die &#8220;auch das Land der Baskisch, auch der Regierung Spanien, ohne die der Rioja nicht mehr Dienste bieten konnten&#8221; Gesundheit kommt. Und ist, dass die Gesundheitsdienste zu Basken &#8220;weitem&#8221;, das Baskenland, Rioja bietet. <\/p>\n<p>Sanz hat diese Aussagen auf Fragen von Journalisten nach einem Treffen mit den B\u00fcrgermeistern von Haro. Es sei daran erinnert, dass die Gesundheit Kontroverse aus vor ein paar Monaten bei der Regierung brach von La Rioja aufgeh\u00f6rt, Patienten in mehreren Kommunen in Alava teilnehmen, die regelm\u00e4\u00dfig ins Krankenhaus San Pedro de Logro\u00f1o aufgrund seiner N\u00e4he ging.<\/p>\n<p>Der F\u00fchrer der Exekutive aus auch darauf hingewiesen, dass &#8220;es eine Vereinbarung mit Kastilien-Le\u00f3n gibt, wonach B\u00fcrger von Soria und Burgos nach La Rioja kommen&#8221; und die Rioja [in kleiner Zahl] &#8220;[gehen Sie zu Kastilien-Le\u00f3n].<\/p>\n<p>&#8220;<\/p>\n","protected":false},"excerpt":{"rendered":"<p>HARO (LA RIOJA), 20 (EUROPA PRESS) Der Pr\u00e4sident der Regierung von La Rioja, Pedro Sanz, hat heute Morgen bekr\u00e4ftigt die Notwendigkeit, &#8220;Entsch\u00e4digung&#8221;, die &#8220;auch das Land der Baskisch, auch der Regierung Spanien, ohne die der Rioja nicht mehr Dienste bieten konnten&#8221; Gesundheit kommt. Und ist, dass die Gesundheitsdienste zu Basken &#8220;weitem&#8221;, das Baskenland, Rioja bietet. [&hellip;]<\/p>\n","protected":false},"author":1,"featured_media":0,"comment_status":"close","ping_status":"open","sticky":false,"template":"","format":"standard","meta":{"footnotes":""},"categories":[3],"tags":[13803],"class_list":["post-4438","post","type-post","status-publish","format-standard","hentry","category-allgemeine","tag-anzubieten","et-doesnt-have-format-content","et_post_format-et-post-format-standard"],"_links":{"self":[{"href":"https:\/\/www.best-dentist-dentistry.com\/de\/wp-json\/wp\/v2\/posts\/4438","targetHints":{"allow":["GET"]}}],"collection":[{"href":"https:\/\/www.best-dentist-dentistry.com\/de\/wp-json\/wp\/v2\/posts"}],"about":[{"href":"https:\/\/www.best-dentist-dentistry.com\/de\/wp-json\/wp\/v2\/types\/post"}],"author":[{"embeddable":true,"href":"https:\/\/www.best-dentist-dentistry.com\/de\/wp-json\/wp\/v2\/users\/1"}],"replies":[{"embeddable":true,"href":"https:\/\/www.best-dentist-dentistry.com\/de\/wp-json\/wp\/v2\/comments?post=4438"}],"version-history":[{"count":0,"href":"https:\/\/www.best-dentist-dentistry.com\/de\/wp-json\/wp\/v2\/posts\/4438\/revisions"}],"wp:attachment":[{"href":"https:\/\/www.best-dentist-dentistry.com\/de\/wp-json\/wp\/v2\/media?parent=4438"}],"wp:term":[{"taxonomy":"category","embeddable":true,"href":"https:\/\/www.best-dentist-dentistry.com\/de\/wp-json\/wp\/v2\/categories?post=4438"},{"taxonomy":"post_tag","embeddable":true,"href":"https:\/\/www.best-dentist-dentistry.com\/de\/wp-json\/wp\/v2\/tags?post=4438"}],"curies":[{"name":"wp","href":"https:\/\/api.w.org\/{rel}","templated":true}]}}