{"id":44563,"date":"2017-05-17T02:21:26","date_gmt":"2017-05-17T02:21:26","guid":{"rendered":null},"modified":"-0001-11-30T00:00:00","modified_gmt":"-0001-11-30T00:00:00","slug":"uruguayan-government-asserts-that-without-a-doubt-many-more-are-victims-of-nurses","status":"publish","type":"post","link":"https:\/\/www.best-dentist-dentistry.com\/de\/uruguayan-government-asserts-that-without-a-doubt-many-more-are-victims-of-nurses\/44563","title":{"rendered":"Uruguayische Regierung behauptet, dass &#8220;ohne Zweifel&#8221; viele weitere Opfer von Krankenschwestern"},"content":{"rendered":"<p class=\"first\"> Montevideo, 20 M\u00e4r (EFE).-der Minister f\u00fcr den Innenraum von Uruguay, Eduardo Bonomi, sagte heute, dass die Opfer von zwei Krankenschwestern, die f\u00fcr die Ermordung von Patienten auf der Intensivstation von Montevideo Einheiten verfolgt &#8220;ohne Zweifel&#8221; sind viele mehr als die 16 waren, zun\u00e4chst diskutiert.<\/p>\n<p>&#8220;Es ist keine einfache Untersuchung&#8221;, &#8220;die Arbeit, die dem Richter \u00fcberlassen ist wichtig,&#8221; weil es geglaubt wird, dass die Tathandlung der Krankenschwestern &#8220;umfasst mehrere Jahre&#8221;, erkl\u00e4rt dieser Dienstag Bonomi, Radiostation Radio schnitzen.<\/p>\n<p>&#8220;Was entdeckt wurde mit der Anamnese und den Tod von Menschen in relativ kurzer Zeit,&#8221; sagte der Minister vor, wonach er die M\u00f6glichkeit, die Verbrechen zu &#8220;mehr als sieben Jahre&#8221; vor steigen nicht ausschlie\u00dft.<\/p>\n<p>Juristische Quellen angegeben heute sagte Efe, dass obwohl der Angeklagte am Sonntag w\u00e4hrend des Verh\u00f6rs, f\u00fcnf bis elf Morde jeweils zeigen Ihnen Fotos gestand, &#8220;in beiden F\u00e4llen Krankenschwestern Konto verloren zu haben anerkannt&#8221;.<\/p>\n<p>&#8220;Noch haben wir keine genaue Anzahl oder Zeit&#8221;, die Quellen hinzugef\u00fcgt, die Zahl der Todesopfer gesch\u00e4tzt &#8220;mehrere Dutzend&#8221;.<\/p>\n<p>Laut der uruguayische Presse, spekulieren die polizeilichen Ermittler, die begonnen haben, berichten \u00fcber neue Verdachtsf\u00e4lle zu erhalten, mit mehr als 200 F\u00e4lle, obwohl jetzt es nur Vermutungen ist.<\/p>\n<p>&#8220;Werden wir nicht reden \u00fcber die Zahl der F\u00e4lle oder zeitliche Begrenzung der Zeit, bis wir \u00fcber alle Informationen verf\u00fcgen, weil dies eine Frage zu ungenau, zu empfindlich geworden ist&#8221; entschuldigte sich bei den Medien der Kommissar Inspektor San Angel Rosas, Koordinator von der Generaldirektion der organisierten Kriminalit\u00e4t und Interpol.<\/p>\n<p>Genau auf diese Versionen, die auf eine der Krankenschwestern gestand T\u00f6tung ein Patienten pro Woche zeigt, Bonomi gesagt: Carve &#8220;Polizei Kind war eine Figur etwas&#8221; Obwohl er auch genaue sein.<\/p>\n<p>Die Ministerin erinnerte daran, dass &#8220;kl\u00e4ren ein Verbrechen Serien dieser Art in einem entwickelten Land dauerte 13 oder 18 Jahre&#8221; und der uruguayische Fall begann, im Januar dieses Jahres zu untersuchen, wenn es einen anonyme Teil Gesundheit Personal Beschwerde produziert.<\/p>\n<p>Dank der nachfolgenden Untersuchungen am vergangenen Freitag wurden verhaftet, die Krankenschwestern J. A. F\u00fcr 46 Jahre und M. P. G., 39 Jahre, Arbeiter der spanischen Vereinigung, einem renommierten privaten gegenseitigen des Landes, und das Maciel Krankenhaus, \u00f6ffentliches Eigentum von.<\/p>\n<p>Ein Bericht des Ministeriums f\u00fcr Gesundheit im Hospital Maciel durchgef\u00fchrt und heute von der Zeitung El Pais wiedergegeben sagt in der Einheit der kardiologischen Versorgung (CCU), wo mehrere Todesf\u00e4lle aufgetreten ist, gab es ein starken Anstieg der Sterblichkeit w\u00e4hrend 2011.<\/p>\n<p>Sterblichkeit lag zwischen 3 % und 4 % des Durchschnitts in den letzten f\u00fcnf Jahren, aber letztes Jahr stieg um 12 %.<\/p>\n<p>Neben den Krankenschwestern, die im Gef\u00e4ngnis sind, durch eine Krankenschwester, die einer von ihnen, wusste zu verbergen, obwohl die Justiz jetzt eine koordinierte Aktion ausgeschlossen abgewickelt wurde.<\/p>\n<p>Jedoch Bonomi sprach Dienstag auf Radio schnitzen, dass &#8220;es eine Art des Wettbewerbs&#8221; unter die Verbrecher war, aber er dann sagte, dass &#8220;es viele Dinge, die nicht klar sind gibt&#8221; im Fall.<\/p>\n<p>Das Motiv f\u00fcr die Verbrechen seiner Autoren zufolge war &#8220;Ruhe geben&#8221; Opfer aber das ist ein weiterer dunkler Fleck, gab den Minister, der im Prinzip m\u00f6gliche Verbindungen zwischen dem M\u00f6rder und Mafia des Organhandels, weil die Opfer waren alle &#8220;\u00e4lteren Menschen&#8221; ausgeschlossen.<\/p>\n<p>Der Gesundheitsminister, Jorge Venegas, muss Donnerstag vor dem Parlament Erkl\u00e4rungen auf die vorhandenen Gesundheit Sektor Kontrollen geben und innerhalb von Stunden wird es erwartet, dass die Richter im Fall Rolando Vomero, Anklage gegen den Angeklagten, verbreiten die sicherlich neues Licht auf einen Prozess, die verspricht, lang sein, zur Verf\u00fcgung stellt. EFE<\/p>\n","protected":false},"excerpt":{"rendered":"<p>Montevideo, 20 M\u00e4r (EFE).-der Minister f\u00fcr den Innenraum von Uruguay, Eduardo Bonomi, sagte heute, dass die Opfer von zwei Krankenschwestern, die f\u00fcr die Ermordung von Patienten auf der Intensivstation von Montevideo Einheiten verfolgt &#8220;ohne Zweifel&#8221; sind viele mehr als die 16 waren, zun\u00e4chst diskutiert. &#8220;Es ist keine einfache Untersuchung&#8221;, &#8220;die Arbeit, die dem Richter \u00fcberlassen [&hellip;]<\/p>\n","protected":false},"author":1,"featured_media":0,"comment_status":"close","ping_status":"open","sticky":false,"template":"","format":"standard","meta":{"footnotes":""},"categories":[3],"tags":[],"class_list":["post-44563","post","type-post","status-publish","format-standard","hentry","category-allgemeine","et-doesnt-have-format-content","et_post_format-et-post-format-standard"],"_links":{"self":[{"href":"https:\/\/www.best-dentist-dentistry.com\/de\/wp-json\/wp\/v2\/posts\/44563","targetHints":{"allow":["GET"]}}],"collection":[{"href":"https:\/\/www.best-dentist-dentistry.com\/de\/wp-json\/wp\/v2\/posts"}],"about":[{"href":"https:\/\/www.best-dentist-dentistry.com\/de\/wp-json\/wp\/v2\/types\/post"}],"author":[{"embeddable":true,"href":"https:\/\/www.best-dentist-dentistry.com\/de\/wp-json\/wp\/v2\/users\/1"}],"replies":[{"embeddable":true,"href":"https:\/\/www.best-dentist-dentistry.com\/de\/wp-json\/wp\/v2\/comments?post=44563"}],"version-history":[{"count":0,"href":"https:\/\/www.best-dentist-dentistry.com\/de\/wp-json\/wp\/v2\/posts\/44563\/revisions"}],"wp:attachment":[{"href":"https:\/\/www.best-dentist-dentistry.com\/de\/wp-json\/wp\/v2\/media?parent=44563"}],"wp:term":[{"taxonomy":"category","embeddable":true,"href":"https:\/\/www.best-dentist-dentistry.com\/de\/wp-json\/wp\/v2\/categories?post=44563"},{"taxonomy":"post_tag","embeddable":true,"href":"https:\/\/www.best-dentist-dentistry.com\/de\/wp-json\/wp\/v2\/tags?post=44563"}],"curies":[{"name":"wp","href":"https:\/\/api.w.org\/{rel}","templated":true}]}}