{"id":4460,"date":"2012-03-20T18:00:36","date_gmt":"2012-03-20T18:00:36","guid":{"rendered":null},"modified":"-0001-11-30T00:00:00","modified_gmt":"-0001-11-30T00:00:00","slug":"around-40-of-patients-with-alzheimers-disease-presents-a-picture-of-depression","status":"publish","type":"post","link":"https:\/\/www.best-dentist-dentistry.com\/de\/around-40-of-patients-with-alzheimers-disease-presents-a-picture-of-depression\/4460","title":{"rendered":"Rund stellt 40 % der Patienten mit Alzheimer Krankheit ein Bild der depression"},"content":{"rendered":"<p><font   size=\"2\"> <strong><font size=\"3\"> rund 40 % der Patienten mit Alzheimer-Krankheit stellt ein Bild der Depression<\/font> <\/p>\n<p> El Hospital Sagrat Cor de Martorell gilt Ersttag der Geriatrie f\u00fcr Grundversorgung<\/strong> <\/p>\n<p>-Verwirrung zwischen Alzheimer und Depression ist ein h\u00e4ufiges Problem bei Profis der prim\u00e4ren Pflege. <\/p>\n<p>-fast die H\u00e4lfte der \u00e4lteren Menschen aus Akutkrankenh\u00e4user pr\u00e4sentiert einen hohen Stand der Zerbrechlichkeit, wenn sie gegeben werden Alta. <\/p>\n<p><strong>Martorell (Barcelona), M\u00e4rz 2012.-<\/strong> Eines der h\u00e4ufigsten Probleme Grundversorgung Praktiker zur Zeit beeinflussen mehr Patienten Erkrankungen diagnostizieren ist die Schwierigkeit der Unterscheidung zwischen Alzheimer-Krankheit und Feld bewegt. Derzeit leiden etwa 40 % der Menschen mit Alzheimer-Krankheit Depression, so es wichtig ist zu wissen beide Krankheiten f\u00fcr korrekte Diagnose und fr\u00fchzeitige Behandlung von dieser Symptomatik unterscheiden. <\/p>\n<p>Dies war eines der Themen in den ersten Tag der Geriatrie f\u00fcr die Grundversorgung, organisiert von der Bereich Gesundheit die Sagrat Cor Krankenhaus von Martorell zur Verbesserung der Kenntnisse \u00fcber die Pflege f\u00fcr \u00e4ltere Menschen und F\u00f6rderung der Interaktion zwischen den Praktikern von Prim\u00e4r- und spezielle Pflege. <\/p>\n<p>F\u00fcr die korrekte Diagnose der Alzheimer-Krankheit und Depression ist es sehr wichtig, da\u00df es enger Zusammenarbeit zwischen Prim\u00e4r- und spezialisierte.  Wir finden heute, dass 15 % der \u00e4lteren Menschen mit einer depressiven Episode es als Depression Pseudodemencia, manifestieren kann, was Ursachen, die Sie in den Fehler, fallen als Alzheimer-Krankheit, wenn nur die Verwaltung des Antidepressivum beseitigen Symptome Medikamente diagnostiziert &#8221;sagte Arzt Manel S\u00e1nchez, Koordinator der Abteilung Psychogeriatrics von dem Krankenhaus Sagrat Cor Martorell. <\/p>\n<p>F\u00fcr seinen Teil best\u00e4tigt Arzt Jesus Ruiz, Koordinator des Bereichs Psychogeriatrics von der Mare D\u00e9u Krankenhaus der Merc\u00e8 Barcelona, die Notwendigkeit f\u00fcr die Interaktion zwischen Fachleuten in beiden Gesundheitsversorgung.  Oft Fehler auftreten in die Zuordnung der h\u00e4ufigsten Symptome bei Alzheimer-Krankheit &#8211; wie zum Beispiel die Apathie oder Ver\u00e4nderungen von Schlaf und Appetit &#8211; als depressive Symptome und verabreichte Medikamente, die keinen auf die Entwicklung der Krankheit Einfluss sind &#8221;, erl\u00e4utert. <\/p>\n<p>  Ist daher wichtig, von der Hauptniederlassung klarer Kriterien der Differenzierung &#8221;, argumentierte Ruiz. <\/p>\n<p><strong>Mangelnde Koordinierung zwischen Tierschutz Ressourcen<\/strong> <\/p>\n<p>Auf der anderen Seite, haben die Experten, die an der Konferenz fiel hingewiesen haben, es ein Mangel an Kenntnissen der sozio-sanit\u00e4re Umwelt, sowohl auf fachlicher Ebene und der Bev\u00f6lkerung im Allgemeinen gibt. <\/p>\n<p>  Heute produziert eine unzureichende Nutzung der Ressourcen Sociosanitarios, dass diejenigen, die bereit sind umfassende Betreuung bieten zu identifizieren und bewerten die kognitive, emotionale und soziale Aspekte der Person zusammen &#8221;, erl\u00e4utert den Arzt Josep Ortiz, mitverantwortlich f\u00fcr die Einheit der Rekonvaleszenz und Pflege palliative von dem Krankenhaus Sagrat Cor de Martorell.  Profis m\u00fcssen ber\u00fccksichtigen, die \u00e4ltere Menschen, neben der Basis Patienten, sind andere Faktoren &#8211; wie Einsamkeit, fehlende wirtschaftliche Ressourcen, Verlust der k\u00f6rperlichen Autonomie, etc.-beeinflussen den Kurs des Problems &#8221;, hat darauf hingewiesen. <\/p>\n<p>Auf der anderen Seite, haben die Experten gezeigt, dass es ein Mangel an Koordinierung zwischen den verschiedenen Diensten der Gesundheitsf\u00fcrsorge. Derzeit pr\u00e4sentiert eine hohe Fragilit\u00e4t Zustand zwischen 40-50 % der \u00e4lteren Menschen in Akutkrankenh\u00e4user entstehen wenn sie, als erkl\u00e4rte Dr. Ortiz erledigt sind.  Verlieren einige der Funktionen, die hatte zuvor nach der Aufnahme, Pr\u00e4sentation, kognitive oder emotionale Probleme, Harninkontinenz, St\u00f6rungen des Gleichgewichts und der Gang, unter anderem, die seit umfassende Betreuung vermieden werden k\u00f6nnen,, in denen die Sociosanitarios Ressourcen einzugreifen &#8221;. <\/p>\n<p>Verhaltensst\u00f6rungen, die die \u00e4lteren Patienten haben auch im ersten Tag der Geriatrie f\u00fcr prim\u00e4re Hilfe angesprochen worden und hat es Debatte \u00fcber wie es handeln kann, um das Einkommen \u00e4lterer Menschen in Heimen, sowie auf die am h\u00e4ufigsten Probleme prim\u00e4r aus dem Gesundheitswesen zu verz\u00f6gern. <\/p>\n<p><strong>Am Krankenhaus Schwestern <br \/><\/strong> <br \/>Krankenhaus Sagrat Cor de Martorell ist eine Einrichtung, die station\u00e4re Behandlung in der psychischen Gesundheit und Geriatrie bietet, und hat mehr als zwanzig Gemeinschaftseinrichtungen in der gesamten katalanischen. <\/p>\n<p>Diese Zentren werden von der Kongregation der Schwestern des Heiligsten Herzens Jesu, gegr\u00fcndet 1881 von San Benito Menni, Mitglied des San Juan de Dios, Mar\u00eda Josefa Recio und Mar\u00eda Angustias Gim\u00e9nez Vera Krankenhaus ausgef\u00fchrt. Die drei Gr\u00fcnder f\u00fchlte die Notwendigkeit der Schaffung eine Institution zu geben als Reaktion auf die Situation der Gesundheit Verlassenheit und sozialer Ausgrenzung psychisch Kranke lebte in der Zeit, vor allem Frauen. Das erste Zentrum wurde in Ciempozuelos, wenige Kilometer von Madrid gegr\u00fcndet. <\/p>\n<p>Seitdem hat sich die Arbeit der Kongregation weltweit ausgebreitet und die Krankenhaus-Aktion ist heute in 26 L\u00e4ndern von Europa, Amerika, Asien und Afrika. Machen Sie in insgesamt mehr als 1.100 Schwestern und etwa 10.000 Laien Partner es m\u00f6glich, die Umsetzung und Entwicklung der Apostolischen Mission der Krankenhaus-Schwestern auf der ganzen Welt. Sie alle k\u00e4mpfen um Patienten und \u00fcberdachten Personen in den verschiedenen Zentren bieten eine umfassende Betreuung, die physischen, psychischen, sozialen und spirituellen Aspekte enth\u00e4lt. <\/p>\n<p>Die Pr\u00e4senz der Krankenhaus-Schwestern in Catalonia geht zur\u00fcck bis 1888, das Gr\u00fcndungsjahr des Asyl von Sant Rafael, heute im Allgemeinen Krankenhaus umgewandelt. 1895 K\u00fcmmerte sich der psychiatrischen Klinik von San Boi und anderen Zentren wurden nacheinander erstellen. <\/p>\n<p>Die Provinz Barcelona verwaltet derzeit sechs Krankenhaus Entit\u00e4ten in Katalonien und Aragon: Hospital Sant Rafael (Barcelona); Komplexe Gesundheitswesen auf Gesundheit Mental Benito Menni (Sant Boi de Llobregat); Krankenhaus Sagrat Cor (Martorell); l &#8217; Krankenhaus Mare de D\u00e9u von la Merc\u00e8 (Horta); Das Zentrum Psicopedag\u00f2gic Nostra Senyora de Montserrat (Caldes de Malavella) und das Zentrum Neuropsychiatrie Nuestra Se\u00f1ora del Carmen (Garrapinillos, Zaragoza). Zur gleichen Zeit, alle diese Institutionen richtet sich auf ein breites Netzwerk von gemeinschaftlichen Wohlergehen Ger\u00e4te. <\/p>\n<p><\/font><\/p>\n","protected":false},"excerpt":{"rendered":"<p>rund 40 % der Patienten mit Alzheimer-Krankheit stellt ein Bild der Depression El Hospital Sagrat Cor de Martorell gilt Ersttag der Geriatrie f\u00fcr Grundversorgung -Verwirrung zwischen Alzheimer und Depression ist ein h\u00e4ufiges Problem bei Profis der prim\u00e4ren Pflege. -fast die H\u00e4lfte der \u00e4lteren Menschen aus Akutkrankenh\u00e4user pr\u00e4sentiert einen hohen Stand der Zerbrechlichkeit, wenn sie gegeben [&hellip;]<\/p>\n","protected":false},"author":1,"featured_media":0,"comment_status":"close","ping_status":"open","sticky":false,"template":"","format":"standard","meta":{"footnotes":""},"categories":[3],"tags":[13835,13837,13836,13833,13834],"class_list":["post-4460","post","type-post","status-publish","format-standard","hentry","category-allgemeine","tag-cor","tag-ersttag","tag-martorell","tag-notfallverhtung","tag-sagrat","et-doesnt-have-format-content","et_post_format-et-post-format-standard"],"_links":{"self":[{"href":"https:\/\/www.best-dentist-dentistry.com\/de\/wp-json\/wp\/v2\/posts\/4460","targetHints":{"allow":["GET"]}}],"collection":[{"href":"https:\/\/www.best-dentist-dentistry.com\/de\/wp-json\/wp\/v2\/posts"}],"about":[{"href":"https:\/\/www.best-dentist-dentistry.com\/de\/wp-json\/wp\/v2\/types\/post"}],"author":[{"embeddable":true,"href":"https:\/\/www.best-dentist-dentistry.com\/de\/wp-json\/wp\/v2\/users\/1"}],"replies":[{"embeddable":true,"href":"https:\/\/www.best-dentist-dentistry.com\/de\/wp-json\/wp\/v2\/comments?post=4460"}],"version-history":[{"count":0,"href":"https:\/\/www.best-dentist-dentistry.com\/de\/wp-json\/wp\/v2\/posts\/4460\/revisions"}],"wp:attachment":[{"href":"https:\/\/www.best-dentist-dentistry.com\/de\/wp-json\/wp\/v2\/media?parent=4460"}],"wp:term":[{"taxonomy":"category","embeddable":true,"href":"https:\/\/www.best-dentist-dentistry.com\/de\/wp-json\/wp\/v2\/categories?post=4460"},{"taxonomy":"post_tag","embeddable":true,"href":"https:\/\/www.best-dentist-dentistry.com\/de\/wp-json\/wp\/v2\/tags?post=4460"}],"curies":[{"name":"wp","href":"https:\/\/api.w.org\/{rel}","templated":true}]}}