{"id":4463,"date":"2012-03-20T18:01:05","date_gmt":"2012-03-20T18:01:05","guid":{"rendered":null},"modified":"-0001-11-30T00:00:00","modified_gmt":"-0001-11-30T00:00:00","slug":"a-program-of-care-coordinated-for-patients-with-chronic-illnesses-get-a-84-reduction-in-the-number-of-annual-hospital-readmissions","status":"publish","type":"post","link":"https:\/\/www.best-dentist-dentistry.com\/de\/a-program-of-care-coordinated-for-patients-with-chronic-illnesses-get-a-84-reduction-in-the-number-of-annual-hospital-readmissions\/4463","title":{"rendered":"Ein Programm der Versorgung f\u00fcr Patienten mit chronischen Erkrankungen eine Erm\u00e4\u00dfigung von 8,4 % der Zahl der j\u00e4hrlichen Krankenhaus R\u00fcckf\u00fchrungen erhalten koordiniert."},"content":{"rendered":"<p><strong>Koordiniert ein Programm der Versorgung f\u00fcr Patienten mit chronischen Erkrankungen eine 8,4 % Verringerung der Zahl der j\u00e4hrlichen Krankenhaus-R\u00fcckf\u00fchrungen erhalten. <\/p>\n<p><font size=\"2\"> pr\u00e4sentiert die Ergebnisse des Programms im Rahmen des IV National Congress der Gesundheitsversorgung der chronische Patient 10 M\u00e4rz bis 8 in Alicante statt.<\/strong><font size=\"2\"> <\/p>\n<p>-Ziel ist die Verbesserung der Lebensqualit\u00e4t dieser Patienten <\/p>\n<p>-auch Suche Pflege Koordinierung auf allen Ebenen, die Einbeziehung von allen Angeh\u00f6rigen der Gesundheitsberufe, Verbesserung der Autopflege und pharmakologische Vermittlung <\/p>\n<p>-dieses Programm koordinierte Betreuung erm\u00f6glichte eine direkten gesch\u00e4tzten Einsparungen von 194.846 \u20ac auf das Gesundheitssystem in einem Jahr in Ihrer N\u00e4he Umsetzung <\/p>\n<p> <strong>Alicante, M\u00e4rz 2012.-<\/strong> die Koordinierung von Angeh\u00f6rigen der Gesundheitsberufe ist wesentlich bei der Behandlung von Menschen mit einer chronischen Krankheit. Und damit es die Programm-Aktien hervorgehoben hat, ein Pflege-Projekt koordiniert, Patienten mit dieser Art von Krankheiten, deren Ergebnisse wurden am vergangenen Freitag 9 M\u00e4rz in Alicante im Rahmen des IV National Congress die chronische medizinische Versorgung, organisiert durch die spanische Gesellschaft f\u00fcr Innere Medizin (SEMI) und die spanische Gesellschaft f\u00fcr Familienmedizin vorgestellt, und Gemeinschaft (SemFYC), zusammen mit dem Gesundheitsministerium von Valencia, gesponsert von ESTEVE und die Zusammenarbeit von MSD, Karbide medizinische, Sanofi und Telef\u00f3nica. <\/p>\n<p>Dieses Projekt beweist die Bedeutung der Einf\u00fchrung der Modelle der Koordinierung, um die Verbesserung der Gesundheit und der Lebensqualit\u00e4t dieser Menschen erhalten zus\u00e4tzlich Gesundheitsausgaben reduzieren. <\/p>\n<p>So hat die Entwicklung des Programms eine Reduzierung von 8,4 Prozent der Zahl der R\u00fcckf\u00fchrungen auf das Jahr f\u00fcr diese Pathologien und gesch\u00e4tzte Einsparung von 194.846 \u20ac zugeordnet. Zu den Ursachen der diese R\u00fcckf\u00fchrungen, wurden am h\u00e4ufigsten die Dekompensation der Herzinsuffizienz und COPD, die meisten von ihnen werden Pluripatol\u00f3gicos Patienten. <\/p>\n<p>  Nach der Durchf\u00fchrung des Programms, \u00c4rzte und Krankenschwestern der Grundversorgung Krankenhausversorgung \u00e4u\u00dferten ihre Gesamtzufriedenheit mit dem Modell des Kontinuum von Sorgfalt und Verbesserungen, die in der Zusammenarbeit und Kommunikation zwischen Fachleuten in allen Bereichen stattgefunden haben &#8221;, sagt Dr. Fern\u00e1ndez Moyano, einer der Koordinatoren des Projekts. <\/p>\n<p>W\u00e4hrend der Entwicklung des Programms wurden eine Anzahl von signifikanten Ergebnissen wie der R\u00fcckgang der Zahl der Einkommen von Patienten mit chronischen Erkrankungen. <\/p>\n<p>Eine sehr wichtige Verbesserung der Bildung Pflege Auto Rand, wird auch beobachtet, dass die \u00fcberwiegende Mehrheit der Zeit durch die prim\u00e4re Pflegeperson durchgef\u00fchrt hat. <\/p>\n<p><strong>Die Umsetzung des Programms Aktien<\/strong> <\/p>\n<p>Kam die Idee der Programm-Anteile von der Bedeutung der auf die Bed\u00fcrfnisse dieser Patienten, eine klassische Hilfe auf der Grundlage der Behandlung isoliert Sch\u00fcbe der Erkrankung, zu einem System koordiniert zwischen den Ebenen der Versorgung und gelten klinische best Practices, die Vorteile gezeigt haben. In diesem Sinne  die hohe Zahl der R\u00fcckf\u00fchrungen heute ist wahrscheinlich ein Ergebnis der eine schlechte Kontrolle der Symptome und schlechte Gesundheit Koordination &#8221;. <\/p>\n<p>Entstanden ist dieses Projekt mit mehreren Zielen, werden die wichtigsten verbessern die Lebensqualit\u00e4t von Patienten mit chronischen und komplexen Erkrankungen, um diese Situation zu \u00e4ndern. Als sekund\u00e4re Ziele umfassen: laminierte die Gefahr der Wiedereinfuhr von Kranken, standardisieren die Umsetzung der Pl\u00e4ne von Pflege und pharmakologischen Behandlungen verbessern den rationellen Einsatz von Arzneimitteln, schaffen ein Programm der Bildung in Self-Care und der Einf\u00fchrung eines Modells der Pflege Koordinierung mit allen Ebenen und Angeh\u00f6rigen der Gesundheitsberufesowie die Entwicklung von Kompetenzen und beruflichen Rollen mit einer spezifischen Ausbildung. <\/p>\n<p>Die Programm-Aktien begann im April 2009, auf einem fr\u00fcheren entwickelte Modell der Pflege Koordinierung zwischen der Volksgesundheit Konsortium von Aljarafe (Hospital San Juan von Dios von Aljarafe) und der Sanit\u00e4r-Bezirk der Grundversorgung. Pluripatolog\u00eda, fortgeschrittene Herzinsuffizienz, schwere COPD oder neoplastische Erkrankungen in Lage der Palliativmedizin sind die Patienten, die aufgenommen wurden. <\/p>\n<p>F\u00fcr Dr. Fern\u00e1ndez Moyano  Hilfsprogramme zu entwickeln, f\u00fcr Menschen mit chronischen Erkrankungen, lokal Anpassung bereits Gesundheitswesen Empfehlungen notwendig w\u00e4re. Diese Implementierung sollte auch spezifische Ziele und gemeinsame Managementstrukturen zwischen verschiedenen gesellschaftlichen Ebenen, erwecken in ihrer Entwicklung und die Ergebnisse f\u00fcr Patienten, Menschen, Betreuer und Profis. <\/p>\n<p><\/font><\/font><\/p>\n","protected":false},"excerpt":{"rendered":"<p>Koordiniert ein Programm der Versorgung f\u00fcr Patienten mit chronischen Erkrankungen eine 8,4 % Verringerung der Zahl der j\u00e4hrlichen Krankenhaus-R\u00fcckf\u00fchrungen erhalten. pr\u00e4sentiert die Ergebnisse des Programms im Rahmen des IV National Congress der Gesundheitsversorgung der chronische Patient 10 M\u00e4rz bis 8 in Alicante statt. -Ziel ist die Verbesserung der Lebensqualit\u00e4t dieser Patienten -auch Suche Pflege Koordinierung [&hellip;]<\/p>\n","protected":false},"author":1,"featured_media":0,"comment_status":"close","ping_status":"open","sticky":false,"template":"","format":"standard","meta":{"footnotes":""},"categories":[3],"tags":[13840,13841,13839],"class_list":["post-4463","post","type-post","status-publish","format-standard","hentry","category-allgemeine","tag-ermigung","tag-krankenhaus-rckfhrungen","tag-spherahospital","et-doesnt-have-format-content","et_post_format-et-post-format-standard"],"_links":{"self":[{"href":"https:\/\/www.best-dentist-dentistry.com\/de\/wp-json\/wp\/v2\/posts\/4463","targetHints":{"allow":["GET"]}}],"collection":[{"href":"https:\/\/www.best-dentist-dentistry.com\/de\/wp-json\/wp\/v2\/posts"}],"about":[{"href":"https:\/\/www.best-dentist-dentistry.com\/de\/wp-json\/wp\/v2\/types\/post"}],"author":[{"embeddable":true,"href":"https:\/\/www.best-dentist-dentistry.com\/de\/wp-json\/wp\/v2\/users\/1"}],"replies":[{"embeddable":true,"href":"https:\/\/www.best-dentist-dentistry.com\/de\/wp-json\/wp\/v2\/comments?post=4463"}],"version-history":[{"count":0,"href":"https:\/\/www.best-dentist-dentistry.com\/de\/wp-json\/wp\/v2\/posts\/4463\/revisions"}],"wp:attachment":[{"href":"https:\/\/www.best-dentist-dentistry.com\/de\/wp-json\/wp\/v2\/media?parent=4463"}],"wp:term":[{"taxonomy":"category","embeddable":true,"href":"https:\/\/www.best-dentist-dentistry.com\/de\/wp-json\/wp\/v2\/categories?post=4463"},{"taxonomy":"post_tag","embeddable":true,"href":"https:\/\/www.best-dentist-dentistry.com\/de\/wp-json\/wp\/v2\/tags?post=4463"}],"curies":[{"name":"wp","href":"https:\/\/api.w.org\/{rel}","templated":true}]}}