{"id":44753,"date":"2017-09-02T02:30:23","date_gmt":"2017-09-02T02:30:23","guid":{"rendered":null},"modified":"-0001-11-30T00:00:00","modified_gmt":"-0001-11-30T00:00:00","slug":"translateapiexception-appid-is-over-the-quota-id0916v2jsontranslate53a77f7c","status":"publish","type":"post","link":"https:\/\/www.best-dentist-dentistry.com\/de\/translateapiexception-appid-is-over-the-quota-id0916v2jsontranslate53a77f7c\/44753","title":{"rendered":"Den EU L\u00e4ndern Zweifel an den Fonds zur Bek\u00e4mpfung der Erw\u00e4rmung"},"content":{"rendered":"<p class=\"first\"> Br\u00fcssel (dpa) die Nationen der Europ\u00e4ischen Union sind schwankend, wie zur Deckung des Multimillionen-Dollar-Fonds zur Bek\u00e4mpfung des Klimawandels, nur, wenn die Kommission Gespr\u00e4che mit den L\u00e4ndern, die das Gewicht tragen m\u00fcssen die extremen klimatischen Bedingungen.<\/p>\n<p>Der Europ\u00e4ischen Union ratifiziert sein Engagement beitragen 7200 Millionen Euro f\u00fcr den Fonds im Zeitraum 2010-2012, nach dem Entwurf der Schlussfolgerungen von Reuters vor einem Treffen der Finanzminister der Europ\u00e4ischen Union die n\u00e4chste sem stattfinden wird gesehen Ana.<\/p>\n<p>, Aber danach ist die Menge des Geldes, die flie\u00dfen so unsicher wie die Text &#8211; vor dem Hintergrund der akuten Wirtschaftskrise Auswirkungen auf das Euro-W\u00e4hrungsgebiet -, da die Staaten nur die Notwendigkeit, &#8220;expand Finanzierung zum Ausdruck gebracht haben Das Klima von 2013 bis 2020 &#8220;, aber ohne Angabe wie.<\/p>\n<p>Der gr\u00fcnen Klimafonds soll Kanal bis zu 100000 Millionen Dollar (68,18 Millionen Euro) pro Jahr 2020 Hilfe Entwicklungsl\u00e4nder um die negativen Auswirkungen des Klimawandels zu bek\u00e4mpfen.<\/p>\n<p>Design einigte man sich auf dem internationalen Gipfel des Klimas, die letztes Jahr in der Stadt Durban stattfand.<\/p>\n<p>F\u00fcr Klima Connie Hedegaard, EU-Kommissar k\u00e4mpft f\u00fcr das fragile Abkommen, mit dem Ziel, den Prozess des Klimawandels die Vereinten Nationen am Leben zu halten.<\/p>\n<p>Montag und Dienstag, statt mehrere informelle Gespr\u00e4che in Br\u00fcssel mit Mitgliedern des was einige riefen &#8220;die Koalition der Ehrgeiz&#8221;, rechnet so spricht, dass es den Vereinten Nationen in Bonn in diesem Monat halten wird.<\/p>\n<p>Der Koalition ist die Union der Staaten der EU, die Allianz der kleinen Inselstaaten und am wenigsten entwickelten L\u00e4nder, die eine f\u00fchrende Rolle ein Abkommen zum Kyoto-Protokoll-Gespr\u00e4che in Durban co wachzuhalten schmieden NTRA Erderw\u00e4rmung.<\/p>\n<p>&#8220;Ich habe eingeladen nach Br\u00fcssel heute und morgen eine Gruppe von 30 ambitionierten L\u00e4nder, vertreten durch ihren Ministern zu diskutieren, wie wir diesen Schwung zu halten und weiterhin Ziele gemeinsam vorw\u00e4rts&#8221; Hedegaard sagte in einer Erkl\u00e4rung.<\/p>\n<p>&#8220;Terco&#8221;<\/p>\n<p>Der NGO Oxfam sagte die &#8220;Unnachgiebigkeit&#8221; einige Mitglieder der Europ\u00e4ischen Union, die die Koalition gef\u00e4hrdet sind da sie die Verpflichtungen zu die Verpflichtungen nach 2012 zu finanzieren Befragung wurden.<\/p>\n<p>&#8220;Zu einem kritischen Zeitpunkt im Kampf gegen den Klimawandel, Europa scheint, statt zu beschleunigen, zu sitzen&#8221;, sagte Klimawandel Experte f\u00fcr Oxfam, liegt Craeynest.<\/p>\n<p>Debatte konzentriert sich auch auf wie gro\u00df einige des Geldes zur Verf\u00fcgung gestellt von der Europ\u00e4ischen Union, insbesondere etwa 20,45 Millionen Euro von insgesamt 76000 Milliarden, aus dem privaten Sektor, die den Bedarf an \u00f6ffentlichen Mitteln verringern w\u00fcrde kommen sollten.<\/p>\n<p>Die Entwurf der Schlussfolgerungen des Ministertreffens der EU, sagte, dass &#8220;weitere Anstrengungen erforderlich sind, um das Konzept der privaten Finanzierung und ihren Anteil an der gesamten 100000 Millionen Dollar zu kl\u00e4ren&#8221;.<\/p>\n<p>Teil des Geldes k\u00f6nnte durch die Preise der See- und Luftfahrt, werden, obwohl diese Quellen im Moment zweifelhaft sind.<\/p>\n<p>Seit Januar m\u00fcssen alle Fluggesellschaften, die Verwendung von EU-Flugh\u00e4fen Klimaschutzprojekte durch das Handelssystem der Emissionen (ETS), die den Protest einiger L\u00e4nder nicht Mitglieder der EU provoziert.<\/p>\n<p>Das Niveau der Proteste verst\u00e4rkt in den K\u00f6rper der Vereinten Nationen, der internationalen Organisation der Civil Aviation (ICAO), um einen globalen Plan zur Bek\u00e4mpfung der Emissionen der Luftfahrt zu entwickeln.<\/p>\n<p>Wenn es vollbracht ist, w\u00fcrde rechtfertigen Modifikation des Gemeinschaftssystems, die Kommission sagte.<\/p>\n<p>Die Europ\u00e4ische Kommission sagte, dass die EU gezwungen war, diese L\u00f6sung f\u00fcr die Fluggesellschaften Tras\u00b4una Jahrzehnt des fruchtlosen Gespr\u00e4chen auf ICAO verh\u00e4ngen.<\/p>\n<p>Die Kommission arbeitet auch mit der International Maritime Organisation (IOM), eine L\u00f6sung f\u00fcr die Bef\u00f6rderung auf dem Seeweg Emissionen zu suchen.<\/p>\n<p>In den Bericht mit den Schlussfolgerungen wurden aufgefordert, &#8220;Die EU und ihre Mitgliedstaaten zu erreichen, ein gr\u00f6\u00dferes Engagement bei den Verhandlungen mit ICAO und IMO, das Carbon Preisbildung Systeme zu unterst\u00fctzen&#8221;.<\/p>\n","protected":false},"excerpt":{"rendered":"<p>Br\u00fcssel (dpa) die Nationen der Europ\u00e4ischen Union sind schwankend, wie zur Deckung des Multimillionen-Dollar-Fonds zur Bek\u00e4mpfung des Klimawandels, nur, wenn die Kommission Gespr\u00e4che mit den L\u00e4ndern, die das Gewicht tragen m\u00fcssen die extremen klimatischen Bedingungen. Der Europ\u00e4ischen Union ratifiziert sein Engagement beitragen 7200 Millionen Euro f\u00fcr den Fonds im Zeitraum 2010-2012, nach dem Entwurf der [&hellip;]<\/p>\n","protected":false},"author":1,"featured_media":0,"comment_status":"close","ping_status":"open","sticky":false,"template":"","format":"standard","meta":{"footnotes":""},"categories":[3],"tags":[],"class_list":["post-44753","post","type-post","status-publish","format-standard","hentry","category-allgemeine","et-doesnt-have-format-content","et_post_format-et-post-format-standard"],"_links":{"self":[{"href":"https:\/\/www.best-dentist-dentistry.com\/de\/wp-json\/wp\/v2\/posts\/44753","targetHints":{"allow":["GET"]}}],"collection":[{"href":"https:\/\/www.best-dentist-dentistry.com\/de\/wp-json\/wp\/v2\/posts"}],"about":[{"href":"https:\/\/www.best-dentist-dentistry.com\/de\/wp-json\/wp\/v2\/types\/post"}],"author":[{"embeddable":true,"href":"https:\/\/www.best-dentist-dentistry.com\/de\/wp-json\/wp\/v2\/users\/1"}],"replies":[{"embeddable":true,"href":"https:\/\/www.best-dentist-dentistry.com\/de\/wp-json\/wp\/v2\/comments?post=44753"}],"version-history":[{"count":0,"href":"https:\/\/www.best-dentist-dentistry.com\/de\/wp-json\/wp\/v2\/posts\/44753\/revisions"}],"wp:attachment":[{"href":"https:\/\/www.best-dentist-dentistry.com\/de\/wp-json\/wp\/v2\/media?parent=44753"}],"wp:term":[{"taxonomy":"category","embeddable":true,"href":"https:\/\/www.best-dentist-dentistry.com\/de\/wp-json\/wp\/v2\/categories?post=44753"},{"taxonomy":"post_tag","embeddable":true,"href":"https:\/\/www.best-dentist-dentistry.com\/de\/wp-json\/wp\/v2\/tags?post=44753"}],"curies":[{"name":"wp","href":"https:\/\/api.w.org\/{rel}","templated":true}]}}