{"id":44967,"date":"2018-05-16T02:21:10","date_gmt":"2018-05-16T02:21:10","guid":{"rendered":null},"modified":"-0001-11-30T00:00:00","modified_gmt":"-0001-11-30T00:00:00","slug":"pope-defends-ensure-is-for-all-appropriate-access-to-water","status":"publish","type":"post","link":"https:\/\/www.best-dentist-dentistry.com\/de\/pope-defends-ensure-is-for-all-appropriate-access-to-water\/44967","title":{"rendered":"pope-defends-ensure-is-for-all-appropriate-access-to-water"},"content":{"rendered":"<p class=\"first\"> <span class=\"yshortcuts\" id=\"lw_1332076576_0\"> Vatikanstadt<\/span>, 18 Mar (<span class=\"yshortcuts\" id=\"lw_1332076576_1\"> EFE<\/span>).-<span class=\"yshortcuts\" id=\"lw_1332076576_2\"> Papst Benedikt XVI.<\/span> Er verteidigt die Notwendigkeit, &#8220;f\u00fcr alle&#8221; garantieren eine &#8220;gerechte, sichere und angemessene <span class=\"yshortcuts\"id=\"lw_1332076576_3\"> Wasser&#8221;<\/span> Zugriff auf Tausende von Gl\u00e4ubigen zum Platz kam <span class=\"yshortcuts\" id=\"lw_1332076576_4\"> San Pedro<\/span> f\u00fcr den Sonntag angelusgebet.<\/p>\n<p>Der Papst erinnerte daran, dass Samstag in Marseille (<span class=\"yshortcuts\" id=\"lw_1332076576_5\"> Frankreich<\/span>) VI <span class=\"yshortcuts\" id=\"lw_1332076576_6\"> World Forum geschlossen<\/span> der <span class=\"yshortcuts\" id=\"lw_1332076576_7\"> Wasser<\/span> und am kommenden Donnerstag findet der <span class=\"yshortcuts\" id=\"lw_1332076576_8\"> Welttag<\/span> des Wassers, die in diesem Jahr konzentriert sich auf die Beziehung dieser &#8220;wertvolle und begrenzte Ressource mit Ern\u00e4hrungssicherheit&#8221;.<\/p>\n<p>Benedicto XVI hoffte, dass diese Initiativen &#8220;f\u00fcr alle&#8221; beitragen werden einen &#8220;fairen&#8221; Zugang zu Wasser, und damit zu &#8220;die Rechte auf Leben und auf die Ern\u00e4hrung eines jeden menschlichen Wesens und eine solidarische und verantwortungsvollen Umgang mit den G\u00fctern der Erde zu f\u00f6rdern &#8220;, zum Nutzen heutiger und k\u00fcnftiger Generationen&#8221;.<\/p>\n<p>Der Papst zur Kenntnis genommen, dass morgen wird das Festival von San Jose und &#8220;from the Heart&#8221; dankte all diejenigen, die eine Erinnerung f\u00fcr ihn in ihre Gebete am Tag seiner Onomastik.<\/p>\n<p>Auch fordert die Gl\u00e4ubigen zu beten f\u00fcr seinen apostolischen Besuch nach Mexiko und Kuba, die zwischen 23 und 28 Micha stattfinden wird<\/p>\n<p>Auf der anderen Seite der Papst Theologe, der daran erinnert, dass heute ist der vierte Sonntag im geliehen, betonte, dass jeder die S\u00fcnden bekennen muss, so dass &#8220;die Vergebung Gottes in seinem Herzen und in seinem Leben&#8221; wirken kann.<\/p>\n<p>&#8220;Manchmal Mann liebt mehr Schatten als Licht, denn es ist ihre S\u00fcnden an, aber nur, wenn es \u00f6ffnet, um Licht und aufrichtig bekennen ihre eigenen du Schuld Gott, wahren Frieden und wahre Freude ist&#8221;, sagte er. EFE<\/p>\n","protected":false},"excerpt":{"rendered":"<p>Vatikanstadt, 18 Mar ( EFE).- Papst Benedikt XVI. Er verteidigt die Notwendigkeit, &#8220;f\u00fcr alle&#8221; garantieren eine &#8220;gerechte, sichere und angemessene Wasser&#8221; Zugriff auf Tausende von Gl\u00e4ubigen zum Platz kam San Pedro f\u00fcr den Sonntag angelusgebet. Der Papst erinnerte daran, dass Samstag in Marseille ( Frankreich) VI World Forum geschlossen der Wasser und am kommenden Donnerstag [&hellip;]<\/p>\n","protected":false},"author":1,"featured_media":0,"comment_status":"close","ping_status":"open","sticky":false,"template":"","format":"standard","meta":{"footnotes":""},"categories":[3],"tags":[52140],"class_list":["post-44967","post","type-post","status-publish","format-standard","hentry","category-allgemeine","tag-zirkulieren","et-doesnt-have-format-content","et_post_format-et-post-format-standard"],"_links":{"self":[{"href":"https:\/\/www.best-dentist-dentistry.com\/de\/wp-json\/wp\/v2\/posts\/44967","targetHints":{"allow":["GET"]}}],"collection":[{"href":"https:\/\/www.best-dentist-dentistry.com\/de\/wp-json\/wp\/v2\/posts"}],"about":[{"href":"https:\/\/www.best-dentist-dentistry.com\/de\/wp-json\/wp\/v2\/types\/post"}],"author":[{"embeddable":true,"href":"https:\/\/www.best-dentist-dentistry.com\/de\/wp-json\/wp\/v2\/users\/1"}],"replies":[{"embeddable":true,"href":"https:\/\/www.best-dentist-dentistry.com\/de\/wp-json\/wp\/v2\/comments?post=44967"}],"version-history":[{"count":0,"href":"https:\/\/www.best-dentist-dentistry.com\/de\/wp-json\/wp\/v2\/posts\/44967\/revisions"}],"wp:attachment":[{"href":"https:\/\/www.best-dentist-dentistry.com\/de\/wp-json\/wp\/v2\/media?parent=44967"}],"wp:term":[{"taxonomy":"category","embeddable":true,"href":"https:\/\/www.best-dentist-dentistry.com\/de\/wp-json\/wp\/v2\/categories?post=44967"},{"taxonomy":"post_tag","embeddable":true,"href":"https:\/\/www.best-dentist-dentistry.com\/de\/wp-json\/wp\/v2\/tags?post=44967"}],"curies":[{"name":"wp","href":"https:\/\/api.w.org\/{rel}","templated":true}]}}