{"id":4501,"date":"2012-03-22T10:02:33","date_gmt":"2012-03-22T10:02:33","guid":{"rendered":null},"modified":"-0001-11-30T00:00:00","modified_gmt":"-0001-11-30T00:00:00","slug":"the-suspect-of-toulouse-will-be-delivered-this-afternoon","status":"publish","type":"post","link":"https:\/\/www.best-dentist-dentistry.com\/de\/the-suspect-of-toulouse-will-be-delivered-this-afternoon\/4501","title":{"rendered":"Die beschuldigte Person von Toulouse wird &#8220;heute Nachmittag&#8221; geliefert werden"},"content":{"rendered":"<p class=\"first\"> TOULOUSE, Frankreich (Reuters) &#8211; ein bewaffneter Mann Verdacht t\u00f6tet sieben Menschen im Namen von Al-Qaida, darunter drei Kinder in eine j\u00fcdische Schule, sagte am Mittwoch \u00fcbergab an die Polizei zu eine Belagerung im S\u00fcdwesten von Frankreich Ende.<\/p>\n<p>\u00dcber 300 Polizisten stark bewaffnet mit Helmen und kugelsicheren Westen abgeriegelt ein Wohngebiet um vier Stockwerke in Toulouse, wo die Muslime von 24 Jahren, als Mohamed Merah, im Erdgeschoss verankert wurde. Zwei Offiziere wurden bei der Operation verletzt.<\/p>\n<p>Der Minister des Innern, Claude Gueant, sagte, dass der Mann ein Franzose algerischer Herkunft war, hatte mehrmals Afghanistan und Pakistan besucht und darauf hingewiesen, dass es aus Rache f\u00fcr den franz\u00f6sischen milit\u00e4rischen Engagements im Ausland handelte.<\/p>\n<p>Der franz\u00f6sische Pr\u00e4sident, Nicolas Sarkozy, der die erste Runde der Pr\u00e4sidentschaftswahlen in f\u00fcnf Wochen vorgelegt wird, sagte Frankreich sollte keinem Wunsch nach Rache oder Diskriminierung f\u00fcr die Ermordung der Rabbiner und drei Kinder in einer Schule in Toulouse und drei Soldaten nordafrikanischer Herkunft J\u00fcdische.<\/p>\n<p>Seine Warnung kam, nachdem der f\u00fchrende Ultraderechista Marine Le Pen, einen Rivalen im Pr\u00e4sidentschaftswahlkampf, sagte, dass Frankreich einen Krieg gegen den islamischen Fundamentalismus zu bek\u00e4mpfen sollte.<\/p>\n<p>, &#8220;brachten Gemeinschaften j\u00fcdischen und muslimischen zu zeigen, dass der Terrorismus das Gemeinschaftsgef\u00fchl unserer Nation nicht brechen wird&#8221;, erkl\u00e4rte.<\/p>\n<p>&#8220;Wir m\u00fcssen vereinigt werden.&#8221; &#8220;Darf nicht fallen, noch Diskriminierung oder Rache,&#8221;, sagte Sarkozy.<\/p>\n<p>Die Ministerin die innere Gueant Merah, die von dem Angriff auf den Soldaten letzte Woche \u00fcberwacht wurde, wollte Rache &#8220;f\u00fcr den Tod von pal\u00e4stinensischen Kindern und auch an der franz\u00f6sischen Armee f\u00fcr Operationen im Ausland r\u00e4chen wollte&#8221;.<\/p>\n<p>Gueant erz\u00e4hlte Reportern, die Merah war Mitglied einer Gruppe von islamischen Ideologie in Frankreich, aber, die die Organisation nicht an gewaltt\u00e4tigen Handlungen beteiligt war.<\/p>\n<p>&#8220;Wir sind sicher, dass der Mann, umgeben von der Polizei, deren Kapitulation erwartet wird, ist, dass diese Reihe von Morden ver\u00fcbt,&#8221;, sagte der Minister, BFM TV.<\/p>\n<p>Der Besitzer des inneren sagte Merah hatte zog seine Pistole Colt 45 aus dem Fenster von einem Wohnblock im Austausch f\u00fcr eine &#8220;Mitteilung Ger\u00e4t&#8221; oder ein Mobiltelefon, aber bewaffneten fortgesetzt. Polizei evakuiert die restlichen Bewohner um 11:00 (GMT 1000).<\/p>\n<p>&#8220;Said&#8230;, die heute Nachmittag geliefert werden&#8221;, sagte Gueant.<\/p>\n<p>Polizei Quellen sagten, da\u00df sie eine kontrollierte Explosion des Autos von der Verd\u00e4chtige, der 9 durchgef\u00fchrt hatte, am Morgen nach der Entdeckung, dass es mit Waffen geladen wurde.<\/p>\n<p>Die Braut und der Bruder von Merah, einem anderen islamistischen bekannt von den Beh\u00f6rden festgenommen worden, sagte verantwortlich.<\/p>\n<p>Merah wurde zur Herstellung von Bomben in der afghanischen Provinz Kandahar im S\u00fcden des Landes, in 2007 verhaftet, aber aus dem Gef\u00e4ngnis entkam er vier Monate sp\u00e4ter in einem riskanten Flug Taliban, sagte der Direktor des Gef\u00e4ngnissen in Kandahar Reuters.<\/p>\n<p>Ghulam Faruq sagte Merah 19. Dezember 2007 verhaftet und verurteilt zu drei Jahren Haft f\u00fcr das Inverkehrbringen von Bomben in der Provinz Kandahar, Geburtsst\u00e4tte der Taliban.<\/p>\n<p>\/ Por Jean D\u00e9cotte und John irischen \/<\/p>\n","protected":false},"excerpt":{"rendered":"<p>TOULOUSE, Frankreich (Reuters) &#8211; ein bewaffneter Mann Verdacht t\u00f6tet sieben Menschen im Namen von Al-Qaida, darunter drei Kinder in eine j\u00fcdische Schule, sagte am Mittwoch \u00fcbergab an die Polizei zu eine Belagerung im S\u00fcdwesten von Frankreich Ende. \u00dcber 300 Polizisten stark bewaffnet mit Helmen und kugelsicheren Westen abgeriegelt ein Wohngebiet um vier Stockwerke in Toulouse, [&hellip;]<\/p>\n","protected":false},"author":1,"featured_media":0,"comment_status":"close","ping_status":"open","sticky":false,"template":"","format":"standard","meta":{"footnotes":""},"categories":[3],"tags":[13929,13930,13928],"class_list":["post-4501","post","type-post","status-publish","format-standard","hentry","category-allgemeine","tag-beschuldigte","tag-toulouse","tag-verdoppeln","et-doesnt-have-format-content","et_post_format-et-post-format-standard"],"_links":{"self":[{"href":"https:\/\/www.best-dentist-dentistry.com\/de\/wp-json\/wp\/v2\/posts\/4501","targetHints":{"allow":["GET"]}}],"collection":[{"href":"https:\/\/www.best-dentist-dentistry.com\/de\/wp-json\/wp\/v2\/posts"}],"about":[{"href":"https:\/\/www.best-dentist-dentistry.com\/de\/wp-json\/wp\/v2\/types\/post"}],"author":[{"embeddable":true,"href":"https:\/\/www.best-dentist-dentistry.com\/de\/wp-json\/wp\/v2\/users\/1"}],"replies":[{"embeddable":true,"href":"https:\/\/www.best-dentist-dentistry.com\/de\/wp-json\/wp\/v2\/comments?post=4501"}],"version-history":[{"count":0,"href":"https:\/\/www.best-dentist-dentistry.com\/de\/wp-json\/wp\/v2\/posts\/4501\/revisions"}],"wp:attachment":[{"href":"https:\/\/www.best-dentist-dentistry.com\/de\/wp-json\/wp\/v2\/media?parent=4501"}],"wp:term":[{"taxonomy":"category","embeddable":true,"href":"https:\/\/www.best-dentist-dentistry.com\/de\/wp-json\/wp\/v2\/categories?post=4501"},{"taxonomy":"post_tag","embeddable":true,"href":"https:\/\/www.best-dentist-dentistry.com\/de\/wp-json\/wp\/v2\/tags?post=4501"}],"curies":[{"name":"wp","href":"https:\/\/api.w.org\/{rel}","templated":true}]}}