{"id":45031,"date":"2018-07-25T02:21:06","date_gmt":"2018-07-25T02:21:06","guid":{"rendered":null},"modified":"-0001-11-30T00:00:00","modified_gmt":"-0001-11-30T00:00:00","slug":"the-water-forum-closes-with-the-goal-of-bringing-this-issue-to-the-international-agenda","status":"publish","type":"post","link":"https:\/\/www.best-dentist-dentistry.com\/de\/the-water-forum-closes-with-the-goal-of-bringing-this-issue-to-the-international-agenda\/45031","title":{"rendered":"the-water-forum-closes-with-the-goal-of-bringing-this-issue-to-the-international-agenda"},"content":{"rendered":"<p class=\"first\"> Paris, 17 M\u00e4r (EFE).-World Water Forum geschlossen, heute in Marseille seine sechste Auflage um weltweit f\u00fchrend an der L\u00f6sung des Wassers \u00fcberzeugen als &#8220;globales Problem&#8221;, das &#8220;zum Wohle der Menschheit&#8221; gel\u00f6st werden muss , in den Worten ihres Pr\u00e4sidenten, Lo\u00efc Fauchon.<\/p>\n<p>&#8220;Live, einen Durchbruch in der Frage der Wasser&#8221; weil &#8220;Es hat sich als erste Priorit\u00e4t der globalen Entwicklung auferlegt&#8221;, sagte Fauchon in den Palast der Kongresse und Tagungen von Marseille, im S\u00fcdosten Frankreichs.<\/p>\n<p>Dieser Sitzung des Dreijahresabst\u00e4nden, danach die in Istanbul im Jahr 2009 und brachte mehr als 10.000 Menschen das Wasser zwischen 12 und 17 M\u00e4rz diskutieren auch bescheinigt, dass &#8220;die Rolle der Parlamente absolut entscheidend ist&#8221;, Suche nach L\u00f6sungen in nachhaltige Bewirtschaftung der Wasserressourcen.<\/p>\n<p>In einem letzten Statement des Pr\u00e4sidenten des Forums entschieden, dass die Weltkonferenz f\u00fcr nachhaltige Entwicklung, Rio + 20, die vom 20. bis 22. Juni 2012 findet in Rio De Janeiro (Brasilien) stattfinden wird, beschlossen hat, das Thema Wasser zum ersten Mal unter seinen neun Punkte Clav geh\u00f6ren e.<\/p>\n<p>dar\u00fcber hinaus hat die Generalversammlung der Vereinten Nationen gesetzt f\u00fcr den Monat Juli ein Tag &#8220;gewidmet Wasser&#8221;, sagte Fauchon in einer Erkl\u00e4rung.<\/p>\n<p>Eine unverbindliche Ministererkl\u00e4rung verabschiedet von den Teilnehmern der Delegationen aus 130 L\u00e4ndern auf dem Forum darauf hingewiesen, dass es Zeit f\u00fcr &#8220;L\u00f6sungen&#8221; zu finden, ein entscheidendes Problem f\u00fcr die Erreichung der Millenniumsziele 2015 Vereinten Nationen ist.<\/p>\n<p>Pr\u00fcfung liegen: Zugang zu sauberem Wasser und sanit\u00e4ren Einrichtungen, denn es wirkt sich auf das Wohlbefinden und die Gesundheit aller Bewohner des Planeten und als Grundlage f\u00fcr Fortschritte bei der nachhaltigen Entwicklung und Schaffung von Arbeitspl\u00e4tzen dient.<\/p>\n<p>Parallel, ein alternatives Forum in denen teilgenommen, \u00d6kologen und &#8220;so genannte&#8221; versucht, die offizielle Nachricht zu betonen, dass Wasser keine Ware, sondern ein gemeinsames gut aller B\u00fcrger ist zu entfernen.<\/p>\n<p>NGOs vertreten in diesem anderen Forum darauf hingewiesen, dass der Rahmen f\u00fcr diese Art von treffen w\u00fcrde dem Dach der Vereinten Nationen und kein Termin verwaltet werden &#8220;multinationale&#8221;.<\/p>\n<p>Franz\u00f6sische Premierminister Fran\u00e7ois Fillon, h\u00e4lt eine Rede w\u00e4hrend der World Water Forum in Marseille, Frankreich, am 12. M\u00e4rz. WireImage \/<\/p>\n","protected":false},"excerpt":{"rendered":"<p>Paris, 17 M\u00e4r (EFE).-World Water Forum geschlossen, heute in Marseille seine sechste Auflage um weltweit f\u00fchrend an der L\u00f6sung des Wassers \u00fcberzeugen als &#8220;globales Problem&#8221;, das &#8220;zum Wohle der Menschheit&#8221; gel\u00f6st werden muss , in den Worten ihres Pr\u00e4sidenten, Lo\u00efc Fauchon. &#8220;Live, einen Durchbruch in der Frage der Wasser&#8221; weil &#8220;Es hat sich als erste [&hellip;]<\/p>\n","protected":false},"author":1,"featured_media":0,"comment_status":"close","ping_status":"open","sticky":false,"template":"","format":"standard","meta":{"footnotes":""},"categories":[3],"tags":[],"class_list":["post-45031","post","type-post","status-publish","format-standard","hentry","category-allgemeine","et-doesnt-have-format-content","et_post_format-et-post-format-standard"],"_links":{"self":[{"href":"https:\/\/www.best-dentist-dentistry.com\/de\/wp-json\/wp\/v2\/posts\/45031","targetHints":{"allow":["GET"]}}],"collection":[{"href":"https:\/\/www.best-dentist-dentistry.com\/de\/wp-json\/wp\/v2\/posts"}],"about":[{"href":"https:\/\/www.best-dentist-dentistry.com\/de\/wp-json\/wp\/v2\/types\/post"}],"author":[{"embeddable":true,"href":"https:\/\/www.best-dentist-dentistry.com\/de\/wp-json\/wp\/v2\/users\/1"}],"replies":[{"embeddable":true,"href":"https:\/\/www.best-dentist-dentistry.com\/de\/wp-json\/wp\/v2\/comments?post=45031"}],"version-history":[{"count":0,"href":"https:\/\/www.best-dentist-dentistry.com\/de\/wp-json\/wp\/v2\/posts\/45031\/revisions"}],"wp:attachment":[{"href":"https:\/\/www.best-dentist-dentistry.com\/de\/wp-json\/wp\/v2\/media?parent=45031"}],"wp:term":[{"taxonomy":"category","embeddable":true,"href":"https:\/\/www.best-dentist-dentistry.com\/de\/wp-json\/wp\/v2\/categories?post=45031"},{"taxonomy":"post_tag","embeddable":true,"href":"https:\/\/www.best-dentist-dentistry.com\/de\/wp-json\/wp\/v2\/tags?post=45031"}],"curies":[{"name":"wp","href":"https:\/\/api.w.org\/{rel}","templated":true}]}}