{"id":4550,"date":"2012-03-23T10:03:25","date_gmt":"2012-03-23T10:03:25","guid":{"rendered":null},"modified":"-0001-11-30T00:00:00","modified_gmt":"-0001-11-30T00:00:00","slug":"pope-begins-trip-to-latin-am-walks-aided-by","status":"publish","type":"post","link":"https:\/\/www.best-dentist-dentistry.com\/de\/pope-begins-trip-to-latin-am-walks-aided-by\/4550","title":{"rendered":"Papst beginnt Reise nach lateinisch \u00c4V, Spazierg\u00e4nge mit Hilfe von"},"content":{"rendered":"<p class=\"first\"> Rom (Reuters) &#8211; der Papst <span class=\"yshortcuts\" id=\"lw_1332503949_0\"> Benedikt XVI.<\/span> ging am Freitag in der \u00d6ffentlichkeit zum ersten Mal zu Beginn seiner <span class=\"yshortcuts\" id=\"lw_1332503949_2\"> Reise<\/span> nach <span class=\"yshortcuts\" id=\"lw_1332503949_3\"> Lateinamerika<\/span>, in ein Zeichen f\u00fcr seine wachsende k\u00f6rperliche <span class=\"yshortcuts\" id=\"lw_1332503949_4\"> Schw\u00e4che<\/span> durch ein <span class=\"yshortcuts\" id=\"lw_1332503949_1\"> Rohr<\/span> geholfen.<\/p>\n<p>Der <span class=\"yshortcuts\" id=\"lw_1332503949_5\"> Pontifex<\/span>, 85 n\u00e4chsten <span class=\"yshortcuts\" id=\"lw_1332503949_6\"> Monat<\/span> ging auf ein Flugzeug am <span class=\"yshortcuts\" id=\"lw_1332503949_7\"> Flughafen<\/span> <span class=\"yshortcuts\" id=\"lw_1332503949_8\"> Fiumicino<\/span> von Rom mit einem Stock, stellt sich der Vatikan Reporter begleitete ihn auf seiner Reise nach Kuba und Mexiko sagte.<\/p>\n<p>Der Papst im vergangenen Jahr begann mit eine mobile Plattform zu vermeiden, zu viel zu Fu\u00df auf dem Altar der St. Peter&rsquo;s Basilica.<\/p>\n<p>Der Vatikan sagte, dass der katholische F\u00fchrer mithilfe der Plattform, wurde um \u00dcberm\u00fcdung zu vermeiden und gab es keine gro\u00dfen \u00fcber seine Gesundheit im allgemeinen Bedenken.<\/p>\n<p>Benedikt XVI will 24 Stunden nach seiner Ankunft in Mexiko zur\u00fcckzugewinnen von Lag, im Gegensatz zu den Terminkalender seines Vorg\u00e4ngers Johannes Paul II, anstatt seine Gesundheit verschlechtert sich in den letzten Jahren seines Lebens zur Ruhe.<\/p>\n<p>Der deutschen Papst war 78 Jahre alt, als er wurde gew\u00e4hlt, um das Maximum in der katholischen Kirche und hat beschlossen, einen Zeitplan weniger anstrengend, seine Gesundheit zu erhalten, w\u00e4hrend Johannes Paul II. 58 zu Beginn seines Pontifikats war zu halten.<\/p>\n<p>Johannes Paul II, der im Jahr 2005 starb, unternahm 19 Reisen in Lateinamerika, eine Region in \u00fcberwiegend katholischen Mehrheit, das letzte von ihnen war er 82 Jahre alt.<\/p>\n<p>Die weniger aktiven Benedikt XVI., im April kommt das achte Jahr seines Pontifikats, seine zweite Reise nach Lateinamerika und die erste Spanisch-sprachigen L\u00e4ndern der Region nach einem Besuch in Brasilien im Jahr 2007.<\/p>\n<p>(Bericht von Philip Pullella, geschrieben von Barry Moody.) (Herausgegeben von Marion Giraldo in Spanisch)<\/p>\n","protected":false},"excerpt":{"rendered":"<p>Rom (Reuters) &#8211; der Papst Benedikt XVI. ging am Freitag in der \u00d6ffentlichkeit zum ersten Mal zu Beginn seiner Reise nach Lateinamerika, in ein Zeichen f\u00fcr seine wachsende k\u00f6rperliche Schw\u00e4che durch ein Rohr geholfen. Der Pontifex, 85 n\u00e4chsten Monat ging auf ein Flugzeug am Flughafen Fiumicino von Rom mit einem Stock, stellt sich der Vatikan [&hellip;]<\/p>\n","protected":false},"author":1,"featured_media":0,"comment_status":"close","ping_status":"open","sticky":false,"template":"","format":"standard","meta":{"footnotes":""},"categories":[3],"tags":[14009,14007,14008,14010],"class_list":["post-4550","post","type-post","status-publish","format-standard","hentry","category-allgemeine","tag-v","tag-erholt","tag-lateinisch","tag-spaziergnge","et-doesnt-have-format-content","et_post_format-et-post-format-standard"],"_links":{"self":[{"href":"https:\/\/www.best-dentist-dentistry.com\/de\/wp-json\/wp\/v2\/posts\/4550","targetHints":{"allow":["GET"]}}],"collection":[{"href":"https:\/\/www.best-dentist-dentistry.com\/de\/wp-json\/wp\/v2\/posts"}],"about":[{"href":"https:\/\/www.best-dentist-dentistry.com\/de\/wp-json\/wp\/v2\/types\/post"}],"author":[{"embeddable":true,"href":"https:\/\/www.best-dentist-dentistry.com\/de\/wp-json\/wp\/v2\/users\/1"}],"replies":[{"embeddable":true,"href":"https:\/\/www.best-dentist-dentistry.com\/de\/wp-json\/wp\/v2\/comments?post=4550"}],"version-history":[{"count":0,"href":"https:\/\/www.best-dentist-dentistry.com\/de\/wp-json\/wp\/v2\/posts\/4550\/revisions"}],"wp:attachment":[{"href":"https:\/\/www.best-dentist-dentistry.com\/de\/wp-json\/wp\/v2\/media?parent=4550"}],"wp:term":[{"taxonomy":"category","embeddable":true,"href":"https:\/\/www.best-dentist-dentistry.com\/de\/wp-json\/wp\/v2\/categories?post=4550"},{"taxonomy":"post_tag","embeddable":true,"href":"https:\/\/www.best-dentist-dentistry.com\/de\/wp-json\/wp\/v2\/tags?post=4550"}],"curies":[{"name":"wp","href":"https:\/\/api.w.org\/{rel}","templated":true}]}}