{"id":4551,"date":"2012-03-23T10:03:28","date_gmt":"2012-03-23T10:03:28","guid":{"rendered":null},"modified":"-0001-11-30T00:00:00","modified_gmt":"-0001-11-30T00:00:00","slug":"pope-begins-trip-to-latin-america-walks-aided-by-cane","status":"publish","type":"post","link":"https:\/\/www.best-dentist-dentistry.com\/de\/pope-begins-trip-to-latin-america-walks-aided-by-cane\/4551","title":{"rendered":"Papst beginnt die Reise nach Lateinamerika, Spazierg\u00e4nge mit Hilfe von Zuckerrohr"},"content":{"rendered":"<p class=\"first\"> Rom (Reuters) &#8211; Papst Benedikt XVI. am Freitag ging in der \u00d6ffentlichkeit zum ersten Mal zu Beginn seiner Reise nach Lateinamerika, in ein Zeichen f\u00fcr seine zunehmende k\u00f6rperliche Schw\u00e4che durch einen Stock geholfen.<\/p>\n<p>Die Hohepriester, die 85 im n\u00e4chsten Monat dreht sich um ein Flugzeug auf dem Flughafen Rom Fiumicino mit einem Stock ging, sagte der Vatikan Reporter begleitete ihn auf seiner Reise nach Kuba und Mexiko.<\/p>\n<p>Der Papst im vergangenen Jahr begann mit eine mobile Plattform zu vermeiden, zu viel zu Fu\u00df auf dem Altar der St. Peter&rsquo;s Basilica.<\/p>\n<p>Der Vatikan sagte, dass der katholische F\u00fchrer mithilfe der Plattform, wurde um \u00dcberm\u00fcdung zu vermeiden und gab es keine gro\u00dfen \u00fcber seine Gesundheit im allgemeinen Bedenken.<\/p>\n<p>Benedikt XVI will 24 Stunden nach seiner Ankunft in Mexiko zur\u00fcckzugewinnen von Lag, im Gegensatz zu den Terminkalender seines Vorg\u00e4ngers Johannes Paul II, anstatt seine Gesundheit verschlechtert sich in den letzten Jahren seines Lebens zur Ruhe.<\/p>\n<p>Der deutschen Papst war 78 Jahre alt, als er wurde gew\u00e4hlt, um das Maximum in der katholischen Kirche und hat beschlossen, einen Zeitplan weniger anstrengend, seine Gesundheit zu erhalten, w\u00e4hrend Johannes Paul II. 58 zu Beginn seines Pontifikats war zu halten.<\/p>\n<p>Johannes Paul II, der im Jahr 2005 starb, unternahm 19 Reisen in Lateinamerika, eine Region in \u00fcberwiegend katholischen Mehrheit, das letzte von ihnen war er 82 Jahre alt.<\/p>\n<p>Die weniger aktiven Benedikt XVI., im April kommt das achte Jahr seines Pontifikats, seine zweite Reise nach Lateinamerika und die erste Spanisch-sprachigen L\u00e4ndern der Region nach einem Besuch in Brasilien im Jahr 2007.<\/p>\n<p>(Bericht von Philip Pullella, geschrieben von Barry Moody.) (Herausgegeben von Marion Giraldo in Spanisch)<\/p>\n","protected":false},"excerpt":{"rendered":"<p>Rom (Reuters) &#8211; Papst Benedikt XVI. am Freitag ging in der \u00d6ffentlichkeit zum ersten Mal zu Beginn seiner Reise nach Lateinamerika, in ein Zeichen f\u00fcr seine zunehmende k\u00f6rperliche Schw\u00e4che durch einen Stock geholfen. Die Hohepriester, die 85 im n\u00e4chsten Monat dreht sich um ein Flugzeug auf dem Flughafen Rom Fiumicino mit einem Stock ging, sagte [&hellip;]<\/p>\n","protected":false},"author":1,"featured_media":0,"comment_status":"close","ping_status":"open","sticky":false,"template":"","format":"standard","meta":{"footnotes":""},"categories":[3],"tags":[14010],"class_list":["post-4551","post","type-post","status-publish","format-standard","hentry","category-allgemeine","tag-spaziergnge","et-doesnt-have-format-content","et_post_format-et-post-format-standard"],"_links":{"self":[{"href":"https:\/\/www.best-dentist-dentistry.com\/de\/wp-json\/wp\/v2\/posts\/4551","targetHints":{"allow":["GET"]}}],"collection":[{"href":"https:\/\/www.best-dentist-dentistry.com\/de\/wp-json\/wp\/v2\/posts"}],"about":[{"href":"https:\/\/www.best-dentist-dentistry.com\/de\/wp-json\/wp\/v2\/types\/post"}],"author":[{"embeddable":true,"href":"https:\/\/www.best-dentist-dentistry.com\/de\/wp-json\/wp\/v2\/users\/1"}],"replies":[{"embeddable":true,"href":"https:\/\/www.best-dentist-dentistry.com\/de\/wp-json\/wp\/v2\/comments?post=4551"}],"version-history":[{"count":0,"href":"https:\/\/www.best-dentist-dentistry.com\/de\/wp-json\/wp\/v2\/posts\/4551\/revisions"}],"wp:attachment":[{"href":"https:\/\/www.best-dentist-dentistry.com\/de\/wp-json\/wp\/v2\/media?parent=4551"}],"wp:term":[{"taxonomy":"category","embeddable":true,"href":"https:\/\/www.best-dentist-dentistry.com\/de\/wp-json\/wp\/v2\/categories?post=4551"},{"taxonomy":"post_tag","embeddable":true,"href":"https:\/\/www.best-dentist-dentistry.com\/de\/wp-json\/wp\/v2\/tags?post=4551"}],"curies":[{"name":"wp","href":"https:\/\/api.w.org\/{rel}","templated":true}]}}