{"id":4572,"date":"2012-03-24T10:03:20","date_gmt":"2012-03-24T10:03:20","guid":{"rendered":null},"modified":"-0001-11-30T00:00:00","modified_gmt":"-0001-11-30T00:00:00","slug":"health-is-committed-to-negotiate-with-unions-its-proposals-for-professional-development-and-the-sns-service-portfolio","status":"publish","type":"post","link":"https:\/\/www.best-dentist-dentistry.com\/de\/health-is-committed-to-negotiate-with-unions-its-proposals-for-professional-development-and-the-sns-service-portfolio\/4572","title":{"rendered":"Gesundheit ist verpflichtet, mit den Gewerkschaften verhandeln ihre Vorschl\u00e4ge f\u00fcr die berufliche Entwicklung und die SNS Service portfolio"},"content":{"rendered":"<p class=\"first\"> <span class=\"yshortcuts\" id=\"lw_1332523386_0\"> MADRID<\/span>, 23 (<span class=\"yshortcuts\" id=\"lw_1332523386_1\"> EUROPA PRESS<\/span>)<\/p>\n<p>Das Ministerium f\u00fcr <span class=\"yshortcuts\" id=\"lw_1332523386_2\"> Gesundheit<\/span>, <span class=\"yshortcuts\" id=\"lw_1332523386_3\"> soziale Dienste<\/span> und Gleichheit engagiert sich f\u00fcr die Treffen mit den <span class=\"yshortcuts\" id=\"lw_1332523386_4\"> Gewerkschaften<\/span> zu analysieren und Vorschl\u00e4ge vereinbarten <span class=\"yshortcuts\" id=\"lw_1332523386_5\"> Gruppen<\/span> erstellt nach der <span class=\"yshortcuts\" id=\"lw_1332523386_6\"> Letzten Interterritorial des Rates<\/span> des <span class=\"yshortcuts\" id=\"lw_1332523386_7\"> nationalen Systems<\/span> der Gesundheit (<span class=\"yshortcuts\" id=\"lw_1332523386_8\"> SNS<\/span>), mit dem Ziel zu definieren und zu verbessern, berufliche Entwicklung, Service-Portfolio, die Karte von Technologien von den Informationen und dem zentralen Einkauf Plattformressourcen zu verhandeln.<\/p>\n<p>Und der Pr\u00e4sident des nationalen Gesundheitswesens der unabh\u00e4ngigen Gewerkschaft CSI-CSIF, Fernando Molina, nach der Teilnahme zusammen mit anderen Vertretern der Gewerkschaft mit dem Generalsekret\u00e4r der Gesundheit, Pilar Farjas, bei der ersten Sitzung der legislative Rahmen Forum f\u00fcr sozialer Dialog in Europa Press best\u00e4tigt wurde.<\/p>\n<p>Nummer zwei Gesundheit hat erkannt, bevor Gewerkschaften gibt es ein Verhandlungsgremium innerhalb des Ministeriums, die in der vorangegangenen Wahlperiode unter dem Namen Gesundheit Sektor Tabelle gesetzgeberisch gebildet wurde.<\/p>\n<p>In diesem Fall Farjas &#8220;wollte nicht nennen&#8221;, sagte Molina, was darauf hindeutet, dass dies m\u00f6glicherweise, dass, wenn es in der vorangegangenen Wahlperiode konstituiert wurde gesagt, mit der Ablehnung der Gemeinschaften unterliegen der s. &#8220;zu mir gibt mir wie den Namen, ich will zu ausgehandelt werden soll&#8221;, hat Espetado.<\/p>\n<p>Und der Vertreter der CSI-CSIF hat in diesem Zusammenhang das Engagement der Gesundheit verwaltet, dass &#8220;sie einberufen zu verhandeln&#8221;, aber sobald sie die Vorschl\u00e4ge der Arbeitsgruppen, da\u00df Gesundheit haben und Gemeinschaften vereinbart, nach der letzten CISNS zu erstellen.<\/p>\n<p>Drei Gruppen entstanden vor allem im Bereich der beruflichen Entwicklung (Verg\u00fctungsmodell der SNS, Berufsgruppen und Modell der beruflichen Entwicklung); zwei Schwerpunkten das Leistungsportfolio, andere entwickeln eine Karte von Ressourcen der Technologien der Information und eine Abschlusspr\u00fcfung, die die zentrale Einkauf Plattform entwickeln wird.<\/p>\n<p>&#8220;Es scheint, dass sie viel Eile, einnehmen, denn es viele Dinge gibt zu entwickeln&#8221;, er hat Molina, der vorsieht, dass die erste Sitzung dieses Verhandlungsgremium f\u00fcr die zweite H\u00e4lfte April einberufen werden, dass &#8220;Es gibt viele brennende Probleme&#8221; erkannt.<\/p>\n<p>Nach Molina, Angeh\u00f6rigen der Gesundheitsberufe &#8220;tun nicht will la Calidad Asistencial siehe untergraben durch Schnitte&#8221; und zur gleichen Zeit, m\u00f6chten, dass ihre Verg\u00fctung &#8220;entspricht, was sie sind und was sie tun&#8221;.<\/p>\n<p>SATSE behauptete beste Voraussetzungen f\u00fcr Krankenpflege<\/p>\n<p>F\u00fcr seinen Teil, der Generalsekret\u00e4r der Vereinigung der Krankenpflege SATSE, Alejandro Laguna, \u00e4u\u00dferte seine Zufriedenheit dar\u00fcber aus, von dem Ministerium f\u00fcr Engagement zu h\u00f6ren, die Vertreter von Profis in anderen Organen und Arbeitsgruppen mit dem Ziel der &#8220;gemeinsamen Bem\u00fchungen zur Verbesserung der Bedingungen dieser Gruppe&#8221; Funktion wird.<\/p>\n<p>Jedoch diese Expert auch hat darauf bestanden, dass die Organe der Teilnahme m\u00fcssen nicht bleiben eine blo\u00dfe &#8220;Absichtserkl\u00e4rung&#8221; und &#8220;Kontinuit\u00e4t und Inhalt&#8221;. &#8220;Der einzige Weg, die Reaktion auf die Interessen und Probleme von Fachleuten und Nutzern der Gesundheit dienen kann werden&#8221;, betonte hat.<\/p>\n<p>Lagune hat auch darauf hingewiesen, dass seine Union auch langen Zeit, die verteidigt &#8220;die Stimme der Anwender und Fachleute geh\u00f6rt werden&#8221; bei der Ausarbeitung eines Paktes f\u00fcr die Heilung, die progressive Verschlechterung zu vermeiden, die die SNS leidet.<\/p>\n","protected":false},"excerpt":{"rendered":"<p>MADRID, 23 ( EUROPA PRESS) Das Ministerium f\u00fcr Gesundheit, soziale Dienste und Gleichheit engagiert sich f\u00fcr die Treffen mit den Gewerkschaften zu analysieren und Vorschl\u00e4ge vereinbarten Gruppen erstellt nach der Letzten Interterritorial des Rates des nationalen Systems der Gesundheit ( SNS), mit dem Ziel zu definieren und zu verbessern, berufliche Entwicklung, Service-Portfolio, die Karte von [&hellip;]<\/p>\n","protected":false},"author":1,"featured_media":0,"comment_status":"close","ping_status":"open","sticky":false,"template":"","format":"standard","meta":{"footnotes":""},"categories":[3],"tags":[14045],"class_list":["post-4572","post","type-post","status-publish","format-standard","hentry","category-allgemeine","tag-geburten","et-doesnt-have-format-content","et_post_format-et-post-format-standard"],"_links":{"self":[{"href":"https:\/\/www.best-dentist-dentistry.com\/de\/wp-json\/wp\/v2\/posts\/4572","targetHints":{"allow":["GET"]}}],"collection":[{"href":"https:\/\/www.best-dentist-dentistry.com\/de\/wp-json\/wp\/v2\/posts"}],"about":[{"href":"https:\/\/www.best-dentist-dentistry.com\/de\/wp-json\/wp\/v2\/types\/post"}],"author":[{"embeddable":true,"href":"https:\/\/www.best-dentist-dentistry.com\/de\/wp-json\/wp\/v2\/users\/1"}],"replies":[{"embeddable":true,"href":"https:\/\/www.best-dentist-dentistry.com\/de\/wp-json\/wp\/v2\/comments?post=4572"}],"version-history":[{"count":0,"href":"https:\/\/www.best-dentist-dentistry.com\/de\/wp-json\/wp\/v2\/posts\/4572\/revisions"}],"wp:attachment":[{"href":"https:\/\/www.best-dentist-dentistry.com\/de\/wp-json\/wp\/v2\/media?parent=4572"}],"wp:term":[{"taxonomy":"category","embeddable":true,"href":"https:\/\/www.best-dentist-dentistry.com\/de\/wp-json\/wp\/v2\/categories?post=4572"},{"taxonomy":"post_tag","embeddable":true,"href":"https:\/\/www.best-dentist-dentistry.com\/de\/wp-json\/wp\/v2\/tags?post=4572"}],"curies":[{"name":"wp","href":"https:\/\/api.w.org\/{rel}","templated":true}]}}