{"id":4594,"date":"2012-03-25T10:03:33","date_gmt":"2012-03-25T10:03:33","guid":{"rendered":null},"modified":"-0001-11-30T00:00:00","modified_gmt":"-0001-11-30T00:00:00","slug":"asturias-returned-to-have-regional-elections","status":"publish","type":"post","link":"https:\/\/www.best-dentist-dentistry.com\/de\/asturias-returned-to-have-regional-elections\/4594","title":{"rendered":"Asturias zur\u00fcckgegeben haben regionale Wahlen"},"content":{"rendered":"<p class=\"first\"> MADRID (Reuters) &#8211; Asturien Sonntag feierte seinen zweiten regionalen Wahlen in weniger als einem Jahr, nach Monaten der festgefahrenen politischen Situation, die nicht regionalen Haushalte genehmigen.<\/p>\n<p>An einem Tag, in dem die Medien und Beobachter ihre Aufmerksamkeit bei den Regionalwahlen von Andalusien konzentriert, eine traditionelle sozialistische Hochburg, konnte w\u00e4hlt und eine konservative Regierung zum ersten Mal seit der Wiederherstellung der Demokratie, der asturianischen W\u00e4hler an die Urnen nach Monaten der Puls zwischen politischen Kr\u00e4ften zur\u00fcckgegeben.<\/p>\n<p>Kann die Gemeinde North Spain gew\u00e4hlt letzte mit knapper Mehrheit zur Asturias Forum Partei von ehemaligen Minister Francisco \u00c1lvarez-Cascos, der die Partei um die regionale Gruppe Gr\u00fcnden verlassen. FA hat allerdings eine harte Opposition in der PP und der Sozialistischen Partei gefunden.<\/p>\n<p>Drei Formationen haben es vers\u00e4umt, die Haushalte in der Region, vereinbaren die letzten Januar auf den Aufruf von Neuwahlen gef\u00fchrt.<\/p>\n<p>&#8220;Wahlrecht ist zu entscheiden, zu entscheiden, den Weg in die Zukunft f\u00fcr Asturien an den Fortschritt,&#8221;, sagte Helme am Sonntag, als er ging, Wahlrecht in den Morgen am Sonntag, zusammengestellt in Anweisungen von Nationalradio.<\/p>\n<p>Mercedes Fernandez, Kandidat der PP bei diesen Wahlen zugelassen eine gewisse Nervosit\u00e4t auf das Ergebnis.<\/p>\n<p>&#8220;hat immer einen kleinen Nerven, die etwas anderes sagt, es ist nicht die Wahrheit zu sagen, in der Ruhe Q gibt die Arbeit&#8221;, kommentiert. &#8220;k\u00f6nnte tun mehr mit weniger Geld&#8221;.<\/p>\n<p>Sozialdemokratische Kandidat, Javier Fern\u00e1ndez, beschrieb den Tag als &#8220;ein gro\u00dfer Tag&#8221; f\u00fcr Abstimmung.<\/p>\n<p>ich hoffe, ein gro\u00dfer Tag f\u00fcr die Demokratie Asturisch zu sein &#8220;, sagte.<\/p>\n<p>Jedoch um 14 Uhr am Nachmittag nur 26,60 Prozent der W\u00e4hler ihr Wahlrecht, unterhalb der 34,99 registriert gleichzeitig bei den Wahlen im Mai ausge\u00fcbt hatte. Dies deutet auf einen R\u00fcckgang in der asturischen, w\u00e4hrend die \u00c4nderung Sommerzeit, die vor eine Stunde im Morgengrauen am Sonntag Uhren, die Variation beeinflusst haben k\u00f6nnte.<\/p>\n","protected":false},"excerpt":{"rendered":"<p>MADRID (Reuters) &#8211; Asturien Sonntag feierte seinen zweiten regionalen Wahlen in weniger als einem Jahr, nach Monaten der festgefahrenen politischen Situation, die nicht regionalen Haushalte genehmigen. An einem Tag, in dem die Medien und Beobachter ihre Aufmerksamkeit bei den Regionalwahlen von Andalusien konzentriert, eine traditionelle sozialistische Hochburg, konnte w\u00e4hlt und eine konservative Regierung zum ersten [&hellip;]<\/p>\n","protected":false},"author":1,"featured_media":0,"comment_status":"close","ping_status":"open","sticky":false,"template":"","format":"standard","meta":{"footnotes":""},"categories":[3],"tags":[14070],"class_list":["post-4594","post","type-post","status-publish","format-standard","hentry","category-allgemeine","tag-asturias","et-doesnt-have-format-content","et_post_format-et-post-format-standard"],"_links":{"self":[{"href":"https:\/\/www.best-dentist-dentistry.com\/de\/wp-json\/wp\/v2\/posts\/4594","targetHints":{"allow":["GET"]}}],"collection":[{"href":"https:\/\/www.best-dentist-dentistry.com\/de\/wp-json\/wp\/v2\/posts"}],"about":[{"href":"https:\/\/www.best-dentist-dentistry.com\/de\/wp-json\/wp\/v2\/types\/post"}],"author":[{"embeddable":true,"href":"https:\/\/www.best-dentist-dentistry.com\/de\/wp-json\/wp\/v2\/users\/1"}],"replies":[{"embeddable":true,"href":"https:\/\/www.best-dentist-dentistry.com\/de\/wp-json\/wp\/v2\/comments?post=4594"}],"version-history":[{"count":0,"href":"https:\/\/www.best-dentist-dentistry.com\/de\/wp-json\/wp\/v2\/posts\/4594\/revisions"}],"wp:attachment":[{"href":"https:\/\/www.best-dentist-dentistry.com\/de\/wp-json\/wp\/v2\/media?parent=4594"}],"wp:term":[{"taxonomy":"category","embeddable":true,"href":"https:\/\/www.best-dentist-dentistry.com\/de\/wp-json\/wp\/v2\/categories?post=4594"},{"taxonomy":"post_tag","embeddable":true,"href":"https:\/\/www.best-dentist-dentistry.com\/de\/wp-json\/wp\/v2\/tags?post=4594"}],"curies":[{"name":"wp","href":"https:\/\/api.w.org\/{rel}","templated":true}]}}