{"id":4661,"date":"2012-03-27T10:04:47","date_gmt":"2012-03-27T10:04:47","guid":{"rendered":null},"modified":"-0001-11-30T00:00:00","modified_gmt":"-0001-11-30T00:00:00","slug":"employers-of-private-clinics-reject-the-call-for-general-strike","status":"publish","type":"post","link":"https:\/\/www.best-dentist-dentistry.com\/de\/employers-of-private-clinics-reject-the-call-for-general-strike\/4661","title":{"rendered":"Arbeitgeber des privaten Kliniken lehnen die Forderung nach Generalstreik"},"content":{"rendered":"<p class=\"first\"> MADRID, 27 (EUROPA PRESS)<\/p>\n<p>Der nationale Verband der Privatkliniken hat mit dem 29. M\u00e4rz Generalstreik, zu verstehen, dass Sie sich &#8220;negativ&#8221; haben, k\u00f6nnen auf Aktivit\u00e4t und die Schaffung von Arbeitspl\u00e4tzen zum Ausdruck gebracht.<\/p>\n<p>F\u00fcr die Federation, &#8220;die Reform der Arbeit, die f\u00fchrte den Aufruf f\u00fcr Streiks versucht auf die Herausforderungen reagieren, die Arbeit Spanisch ziehen seit Jahrzehnten auf den Markt und nicht die Arbeitsrechte der Arbeitnehmer verringert, sondern tr\u00e4gt dazu bei, die Produktivit\u00e4t und die Wettbewerbsf\u00e4higkeit der spanischen Unternehmen erh\u00f6hen&#8221;.<\/p>\n<p>Daher der Arbeitgeber h\u00e4lt den Streik als Ma\u00dfnahme der &#8220;politischen Druck gegen die Regierung und der Kongress der Abgeordneten, die Arbeitgeber betrifft&#8221;, die negativ als passive Empf\u00e4nger beeinflussen k\u00f6nnen die &#8220;.&#8221; Dar\u00fcber hinaus &#8220;dieser Tag des Streiks verursachen schwere wirtschaftliche Sch\u00e4den hinzugef\u00fcgt, um die schwierige Situation mit Blick auf Spanien&#8221;.<\/p>\n<p>Auf der anderen Seite weist darauf hin, dass gew\u00e4hrleistet werden muss, das Recht auf Arbeit und die Sicherheit aller Arbeitnehmer und Unternehmen, die gem\u00e4\u00df diesem Gesetz, bleiben m\u00fcssen \u00f6ffnen w\u00e4hrend des Arbeitstages also, diejenigen, die ihren Arbeitsplatz teilnehmen.<\/p>\n<p>Auch k\u00fcndigt seinen Partnern, an diesem Tag werden durch die gemeinsame Kommunikationskan\u00e4le erhalten die potenzielle Auswirkungen und geeignete Ma\u00dfnahmen in jedem Fall zur Verf\u00fcgung stehen.<\/p>\n","protected":false},"excerpt":{"rendered":"<p>MADRID, 27 (EUROPA PRESS) Der nationale Verband der Privatkliniken hat mit dem 29. M\u00e4rz Generalstreik, zu verstehen, dass Sie sich &#8220;negativ&#8221; haben, k\u00f6nnen auf Aktivit\u00e4t und die Schaffung von Arbeitspl\u00e4tzen zum Ausdruck gebracht. F\u00fcr die Federation, &#8220;die Reform der Arbeit, die f\u00fchrte den Aufruf f\u00fcr Streiks versucht auf die Herausforderungen reagieren, die Arbeit Spanisch ziehen [&hellip;]<\/p>\n","protected":false},"author":1,"featured_media":0,"comment_status":"close","ping_status":"open","sticky":false,"template":"","format":"standard","meta":{"footnotes":""},"categories":[3],"tags":[14162,14163],"class_list":["post-4661","post","type-post","status-publish","format-standard","hentry","category-allgemeine","tag-fahrer","tag-generalstreik","et-doesnt-have-format-content","et_post_format-et-post-format-standard"],"_links":{"self":[{"href":"https:\/\/www.best-dentist-dentistry.com\/de\/wp-json\/wp\/v2\/posts\/4661","targetHints":{"allow":["GET"]}}],"collection":[{"href":"https:\/\/www.best-dentist-dentistry.com\/de\/wp-json\/wp\/v2\/posts"}],"about":[{"href":"https:\/\/www.best-dentist-dentistry.com\/de\/wp-json\/wp\/v2\/types\/post"}],"author":[{"embeddable":true,"href":"https:\/\/www.best-dentist-dentistry.com\/de\/wp-json\/wp\/v2\/users\/1"}],"replies":[{"embeddable":true,"href":"https:\/\/www.best-dentist-dentistry.com\/de\/wp-json\/wp\/v2\/comments?post=4661"}],"version-history":[{"count":0,"href":"https:\/\/www.best-dentist-dentistry.com\/de\/wp-json\/wp\/v2\/posts\/4661\/revisions"}],"wp:attachment":[{"href":"https:\/\/www.best-dentist-dentistry.com\/de\/wp-json\/wp\/v2\/media?parent=4661"}],"wp:term":[{"taxonomy":"category","embeddable":true,"href":"https:\/\/www.best-dentist-dentistry.com\/de\/wp-json\/wp\/v2\/categories?post=4661"},{"taxonomy":"post_tag","embeddable":true,"href":"https:\/\/www.best-dentist-dentistry.com\/de\/wp-json\/wp\/v2\/tags?post=4661"}],"curies":[{"name":"wp","href":"https:\/\/api.w.org\/{rel}","templated":true}]}}