{"id":4665,"date":"2012-03-27T10:05:02","date_gmt":"2012-03-27T10:05:02","guid":{"rendered":null},"modified":"-0001-11-30T00:00:00","modified_gmt":"-0001-11-30T00:00:00","slug":"pope-pays-homage-to-patron-saint-of-cuba-calling-for-faith-and-changes","status":"publish","type":"post","link":"https:\/\/www.best-dentist-dentistry.com\/de\/pope-pays-homage-to-patron-saint-of-cuba-calling-for-faith-and-changes\/4665","title":{"rendered":"Papst ehrt Schutzpatron von Kuba f\u00fcr den Glauben und \u00c4nderungen aufrufen"},"content":{"rendered":"<p class=\"first\"> am Dienstag, EL COBRE, Kuba (Reuters) &#8211; Papst Benedikt XVI besichtigen das Heiligtum von El Cobre, einer kleinen Stadt in der N\u00e4he von Santiago De Cuba, die Heimat der Virgen De La Caridad, ein nationales Symbol, die St\u00e4rke der Kirche auf eine gr\u00f6\u00dfere Rolle in der Mitte des die Transformationen vor die sozialistische Nation Gebot gegeben hat.<\/p>\n<p>Der Heilige Vater fragte Kubaner zum Aufbau einer neuen Gesellschaft &#8220;offen und fair&#8221; w\u00e4hrend seiner vielf\u00e4ltigen Masse am Montag in Santiago de Chile, erste Station einer drei-Tage-Reise, die viele erwarten generiert gr\u00f6\u00dfere Offenheit der Regierung mit sensiblen politischen Freiheiten und Menschenrechte Fragen.<\/p>\n<p>&#8220;Die Wake so viele Pilger, auch ich m\u00f6chte zu gehen, um das Kupfer an den F\u00fc\u00dfen der Mutter Gottes niederzuwerfen (und) bitten ihre F\u00fcrsprache f\u00fcr die Ziele dieser geliebten Nation gef\u00fchrt durch die Pfade der Gerechtigkeit, Frieden, Freiheit und Vers\u00f6hnung&#8221;, sagte nach seiner Ankunft in dem Land nach einem Besuch in Mexiko.<\/p>\n<p>Im vergangenen Jahr die Prozession der ein Replikat des Bildes auf der ganzen Insel wieder belebt den Glauben in einem Land, das offiziell Atheist bis 1992 war und f\u00fchrte zu den Besuch des Papstes 14 Jahre vor Johannes Paul II \u00fcber die feindselige Beziehung gegl\u00e4ttet, die zwischen der Kirche und der Regierung seit dem Triumph der Revolution 1959 gab.<\/p>\n<p>Wallfahrt zu feiern die Jubil\u00e4um Zahl 400 seine Feststellung im Meer von den Fischern zog Hunderttausende Anh\u00e4nger sowohl die katholischen als auch die Santeros, eine Spiritualit\u00e4t der afrikanischen Wurzeln das bekannt als Ochun, G\u00f6ttin der Liebe.<\/p>\n<p>Aber war auch ein Zeichen f\u00fcr den wachsenden Einfluss der Kirche auf Kuba, die seit dem Besuch des polnischen Papstes der einflussreichsten Institution nach der Kommunist geworden &#8211; nur legal im Land- und wichtigsten Gespr\u00e4chspartner der Regierung auf sensible Fragen wie die Dissidentengruppen.<\/p>\n<p>Wesentliche Kirche<\/p>\n<p>Der Papst wird einen privaten Besuch am Morgen nach dem Aufenthalt in einem Wohnsitz in der N\u00e4he von Heiligtum und wird sp\u00e4ter in Havanna Treffen mit Pr\u00e4sident Raul Castro fahren.<\/p>\n<p>Dar\u00fcber hinaus finden konnte der Leiter des Vatikan-Staates mit Fidel Castro, F\u00fchrer der Revolution und seinem venezolanischen Verb\u00fcndeten Hugo Chavez, wer ist f\u00fcr den Umgang mit Strahlentherapie des Krebs, der in Kuba wurde diagnostiziert im vergangenen Jahr.<\/p>\n<p>, Ist jedoch nicht zu Publikum Oppositionsgruppen, die sich beschweren, dass die Beh\u00f6rden seine Heiligkeit eine verzerrte Realit\u00e4t zeigen, w\u00e4hrend die Regierung sie beschuldigen des Seins im Sold der USA zur Destabilisierung des Landes erwartet.<\/p>\n<p>Der Bischof von Rom moderiert seine Rede nach vorne Kommentare, die seiner Ankunft \u00fcber das Scheitern des Kommunismus in Kuba voraus, aber seine Ansicht, dass das Land braucht neue Wege und Modelle zu f\u00f6rdern und die Kirche bereit ist zu helfen, wenn sie nicht gepflegt.<\/p>\n<p>&#8220;gibt es viele Dinge, die k\u00f6nnen und m\u00fcssen voran, vor allem auf den wesentlichen Beitrag, die die Religion ist in der \u00d6ffentlichkeit der Gesellschaft zu spielen&#8221;, sagte der Papst, der auch die 50 Jahren des Wirtschaftsembargos Auswirkungen auf Kuba USA kritisiert hat.<\/p>\n<p>Seit dem \u00fcbernahm er offiziell die Pr\u00e4sidentschaft in 2008 nach dem R\u00fccktritt seines Bruders f\u00fcr Gesundheit Gr\u00fcnde, Ra\u00fal Castro hat Reformen zur Wiederbelebung der Wirtschaft ohne Verzicht auf die marxistische Ideologie, Erwartungen und \u00c4ngste in einem Land, das seit Jahrzehnten zu den Zentralismus der Sowjet-Stil gew\u00f6hnt.<\/p>\n<p>Mehr als religion<\/p>\n<p>La Virgen De La Caridad ist eine Ikone, die Religion hinausgeht: zuerst von kubanischen Nationalisten verehrt, Bild begleitet viele von den Rebellen, die in den 1950er Jahren stieg in die Sierra Maestra Berge unter der Leitung von Fidel Castro und Ernesto &#8220;Che&#8221; Guevara und den Diktator Fulgencio Batista st\u00fcrzen.<\/p>\n<p>Die Mutter von Fidel und Ra\u00fal, Br\u00fcder, die seit mehr als f\u00fcnf Jahrzehnten Schicksal des Landes gerichtet haben Links ein paar kleine Statuetten von Gold ihrer Kinder zu bitten, die Liebe f\u00fcr den Sieg der Aufst\u00e4ndischen.<\/p>\n<p>Ernest Hemingway den Nobelpreis f\u00fcr Literatur, der 1954, obwohl es nicht mehr auf dem Display ist da, das &#8220;verschwinden&#8221; ein paar Tage im Jahr 1986 gewann die Virgin-Medaille gestiftet.<\/p>\n<p>In der bescheidenen Heiligtum von El Cobre, der Papst werden Zeuge der nationalen Verehrung zu dieser Bef\u00fcrwortung der Jungfrau Maria, zu dem Tausende Kubaner jedes Jahr kommen um Gef\u00e4lligkeiten aller Art, von Krankheiten um ein Visum f\u00fcr Reisen ins Ausland, bitten oder danken Ihre F\u00fcrbitte in schwierigen Zeiten.<\/p>\n<p>&#8220;Danke liebe Mutter (Madonna) f\u00fcr alles, was Sie mir gegeben haben.&#8221; &#8220;Bitte, helfen Sie mir mit der Familie in K\u00fcrze&#8221;, schrieb ein ehemaliger Kapit\u00e4n der Armee, w\u00e4hrend er seine kostbare Grad in der Kapelle der Angebote am Tag vor dem P\u00e4pstlichen Besuch hinterlegt.<\/p>\n<p>Troph\u00e4en, Baseball, Medaillen, Karnevalsmasken, PKW-Stellplatz, B\u00fcschel Haare und Kugeln bis Bier Dosen schm\u00fccken den Altar von das kleine Bildnis.<\/p>\n<p>&#8220;Dies ist eine besondere Hingabe, Spiritualismus und von Santeria \u00fcben.&#8221; &#8220;Und ist eine M\u00f6glichkeit, die Angst, diese religi\u00f6sen Praktiken zu verlieren&#8221;, sagte der Nachrichtenagentur Reuters den Priester des Schreins, Jorge Palma, auf ein Land, wo den religi\u00f6sen Synkretismus nach Jahren des Antiklerikalismus vermehren.<\/p>\n<p>(Enrique Andr\u00e9s Brezel Zusatzbericht.) (Herausgegeben von Silene Ram\u00edrez)<\/p>\n","protected":false},"excerpt":{"rendered":"<p>am Dienstag, EL COBRE, Kuba (Reuters) &#8211; Papst Benedikt XVI besichtigen das Heiligtum von El Cobre, einer kleinen Stadt in der N\u00e4he von Santiago De Cuba, die Heimat der Virgen De La Caridad, ein nationales Symbol, die St\u00e4rke der Kirche auf eine gr\u00f6\u00dfere Rolle in der Mitte des die Transformationen vor die sozialistische Nation Gebot [&hellip;]<\/p>\n","protected":false},"author":1,"featured_media":0,"comment_status":"close","ping_status":"open","sticky":false,"template":"","format":"standard","meta":{"footnotes":""},"categories":[3],"tags":[14167,14168,14169],"class_list":["post-4665","post","type-post","status-publish","format-standard","hentry","category-allgemeine","tag-auszufllen","tag-ehrt","tag-schutzpatron","et-doesnt-have-format-content","et_post_format-et-post-format-standard"],"_links":{"self":[{"href":"https:\/\/www.best-dentist-dentistry.com\/de\/wp-json\/wp\/v2\/posts\/4665","targetHints":{"allow":["GET"]}}],"collection":[{"href":"https:\/\/www.best-dentist-dentistry.com\/de\/wp-json\/wp\/v2\/posts"}],"about":[{"href":"https:\/\/www.best-dentist-dentistry.com\/de\/wp-json\/wp\/v2\/types\/post"}],"author":[{"embeddable":true,"href":"https:\/\/www.best-dentist-dentistry.com\/de\/wp-json\/wp\/v2\/users\/1"}],"replies":[{"embeddable":true,"href":"https:\/\/www.best-dentist-dentistry.com\/de\/wp-json\/wp\/v2\/comments?post=4665"}],"version-history":[{"count":0,"href":"https:\/\/www.best-dentist-dentistry.com\/de\/wp-json\/wp\/v2\/posts\/4665\/revisions"}],"wp:attachment":[{"href":"https:\/\/www.best-dentist-dentistry.com\/de\/wp-json\/wp\/v2\/media?parent=4665"}],"wp:term":[{"taxonomy":"category","embeddable":true,"href":"https:\/\/www.best-dentist-dentistry.com\/de\/wp-json\/wp\/v2\/categories?post=4665"},{"taxonomy":"post_tag","embeddable":true,"href":"https:\/\/www.best-dentist-dentistry.com\/de\/wp-json\/wp\/v2\/tags?post=4665"}],"curies":[{"name":"wp","href":"https:\/\/api.w.org\/{rel}","templated":true}]}}