{"id":4680,"date":"2012-03-27T10:06:02","date_gmt":"2012-03-27T10:06:02","guid":{"rendered":null},"modified":"-0001-11-30T00:00:00","modified_gmt":"-0001-11-30T00:00:00","slug":"spanish-smes-are-at-the-forefront-of-eu-measures-and-green-jobs","status":"publish","type":"post","link":"https:\/\/www.best-dentist-dentistry.com\/de\/spanish-smes-are-at-the-forefront-of-eu-measures-and-green-jobs\/4680","title":{"rendered":"Spanisch KMU sind an der Spitze der EU Ma\u00dfnahmen und &#8220;gr\u00fcne&#8221; Arbeitspl\u00e4tze"},"content":{"rendered":"<p class=\"first\"> <span class=\"yshortcuts\" id=\"lw_1332857103_0\"> Br\u00fcssel<\/span>, 27 M\u00e4r (<span class=\"yshortcuts\" id=\"lw_1332857103_1\"> EFE<\/span>).-die <span class=\"yshortcuts\" id=\"lw_1332857103_2\"> kleinen und mittleren Unternehmen<\/span> (KMU) Spanisch sind an der Spitze der <span class=\"yshortcuts\" id=\"lw_1332857103_4\"> Bem\u00fchungen<\/span> <span class=\"yshortcuts\" id=\"lw_1332857103_3\"> der Europ\u00e4ischen Union<\/span> zu mehr &#8220;gr\u00fcn&#8221; oder umweltfreundlich mit der <span class=\"yshortcuts\" id=\"lw_1332857103_5\"> Umgebung<\/span>, dank ihrer Bem\u00fchungen um eine bessere Nutzung der Ressourcen und die hohe Zahl von <span class=\"yshortcuts\" id=\"lw_1332857103_6\"> Arbeitspl\u00e4tzen<\/span> im Zusammenhang mit der mittlere <span class=\"yshortcuts\" id=\"lw_1332857103_7\"> Umgebung<\/span> generieren.<\/p>\n<p>Der <span class=\"yshortcuts\" id=\"lw_1332857103_8\"> EU-Kommissar<\/span> f\u00fcr Industrie und Unternehmertum, Antonio Tajani, erkannte die St\u00e4rke der L\u00e4nder des Mittelmeerraums &#8211; Italien, Spanien und Griechenland &#8211; in Bezug auf die Investitionen haben ein paar mehr &#8220;gr\u00fcne&#8221; KMU und lobte die Bem\u00fchungen dieser Unternehmen in Europa, obwohl er betonte, dass es gibt noch viel zu tun.<\/p>\n<p>&#8220;wird immer mehr notwendig, zu versuchen, den Pfad zu folgen, der uns zu der dritten industriellen Revolution nimmt.&#8221; Wenn wir in der Globalisierung wettbewerbsf\u00e4hig sein wollen, wir innovativ m\u00fcssen und Innovation Wirtschaft bedeutet &#39; green &#39; &#8220;, Tajani sagte auf einer Pressekonferenz.<\/p>\n<p>&#8220;<\/p>\n<p>Spanien ist das vierte Land in der Europ\u00e4ischen Union die weitere &#8220;gr\u00fcne&#8221; &#8211; Teilzeit- oder voll &#8211; Arbeitspl\u00e4tze in KMU, nach den Daten aus den j\u00fcngsten Eurobarometer-Umfrage pr\u00e4sentiert heute von Tajani hat.<\/p>\n<p>Mehr als die H\u00e4lfte (53 %) der Spanisch-KMU, die an der Umfrage teilgenommen haben mindestens eine Person arbeitet direkt mit Informationen, Technologien oder Materialien, die Erhaltung oder f\u00fcr die Umwelt profitieren, eine Tatsache, die nur Lettland (62 %), Slowakei (57 %) und Italien (55 %) \u00fcberschreiten.<\/p>\n<p>In der gesamten Union, 37 % der KMU haben mindestens einen &#8220;gr\u00fcnen&#8221; Vollzeit- oder Teilzeit-Arbeitnehmer.<\/p>\n<p>&#8220;sind KMU, die viele Arbeitspl\u00e4tze schaffen &#39; gr\u00fcn &#39;, im Gegensatz zu Gro\u00dfunternehmen: 2012, 1 von je 8 Besch\u00e4ftigten in kleinen und mittleren Unternehmen waren im &#39; gr\u00fcn &#39;, fast 13 Prozent aller Erwerbst\u00e4tigen in KMU&#8221;, betonte die EU-Exekutive in einer Notiz.<\/p>\n<p>Die Europ\u00e4ische Kommission prognostiziert, dass in den n\u00e4chsten zwei Jahren, &#8220;gr\u00fcne&#8221; Arbeitspl\u00e4tze in KMU 35 % wachsen werden.<\/p>\n<p>Spanien (mit 87 %) ist eines der L\u00e4nder &#8211; zusammen mit Portugal (88 %) und Gro\u00dfbritannien (83 %) &#8211; wo KMU m\u00fcssen weitere Ma\u00dfnahmen ergriffen, um Energie zu sparen, und befindet sich an der Spitze derjenigen, die Ma\u00dfnahmen zur Recycling weitere (93 %) haben, gefolgt von Gro\u00dfbritannien (91 %) und Irland (83 %).<\/p>\n<p>Zus\u00e4tzlich Spanisch KMU sind die zweite, die erwartet, dass weitere Ma\u00dfnahmen im Bereich Umweltschutzes in den kommenden Jahren, 67 %, direkt hinter dem Vereinigten K\u00f6nigreich (68 %) ergreifen.<\/p>\n<p>Trotz dieser guten Daten, Spanisch KMU umfassen sie mehr Bremsen zu \u00f6kologischen handeln gefunden: 31 % bedauert, dass kompetente Beratung und eine 17 %, bestimmte Rechtsvorschriften nicht aktualisiert wurden.<\/p>\n<p>Spanisch KMU wurden von den meisten betroffenen auch durch die Komplexit\u00e4t der Verwaltungsverfahren (32 %) und fand es schwer, die Kosten f\u00fcr diese &#8220;gr\u00fcnen&#8221; Ma\u00dfnahmen (31 %), unter anderen Hindernisse bew\u00e4ltigen.<\/p>\n<p>Auf der anderen Seite die Europ\u00e4ische Exekutive betont, dass europ\u00e4ische KMU, die Wetten auf &#8220;gr\u00fcn&#8221; sind &#8220;starke zu Hause, aber schwach im Ausland, da 87 % dieser Unternehmen in ihre nationalen M\u00e4rkte bedienen.<\/p>\n<p>Die Kommission der Auffassung zu notwendigen politischen Ma\u00dfnahmen zur F\u00f6rderung dieser &#8220;Wachstumsmotor &#39; gr\u00fcn &#39;&#8221;, z. B. finanzielle Anreize und Steuern oder Verringerung der administrativen Barriers zur F\u00f6rderung von Investitionen und siebenundzwanzig eingeladenen Unterst\u00fctzung st\u00e4rken sie KMU bieten.<\/p>\n<p>Dar\u00fcber hinaus Tajani sagte, dass in die n\u00e4chste Finanzielle Vorausschau &#8211; Budget ab 2014 bis 2020 &#8211; k\u00f6nnte ein &#8220;Eingriff&#8221;, diese Art von &#8220;gr\u00fcnen&#8221; Initiativen unterst\u00fctzen. EFE<\/p>\n","protected":false},"excerpt":{"rendered":"<p>Br\u00fcssel, 27 M\u00e4r ( EFE).-die kleinen und mittleren Unternehmen (KMU) Spanisch sind an der Spitze der Bem\u00fchungen der Europ\u00e4ischen Union zu mehr &#8220;gr\u00fcn&#8221; oder umweltfreundlich mit der Umgebung, dank ihrer Bem\u00fchungen um eine bessere Nutzung der Ressourcen und die hohe Zahl von Arbeitspl\u00e4tzen im Zusammenhang mit der mittlere Umgebung generieren. Der EU-Kommissar f\u00fcr Industrie und [&hellip;]<\/p>\n","protected":false},"author":1,"featured_media":0,"comment_status":"close","ping_status":"open","sticky":false,"template":"","format":"standard","meta":{"footnotes":""},"categories":[3],"tags":[14184,14183,14182],"class_list":["post-4680","post","type-post","status-publish","format-standard","hentry","category-allgemeine","tag-eu-manahmen","tag-kmu","tag-nicholas","et-doesnt-have-format-content","et_post_format-et-post-format-standard"],"_links":{"self":[{"href":"https:\/\/www.best-dentist-dentistry.com\/de\/wp-json\/wp\/v2\/posts\/4680","targetHints":{"allow":["GET"]}}],"collection":[{"href":"https:\/\/www.best-dentist-dentistry.com\/de\/wp-json\/wp\/v2\/posts"}],"about":[{"href":"https:\/\/www.best-dentist-dentistry.com\/de\/wp-json\/wp\/v2\/types\/post"}],"author":[{"embeddable":true,"href":"https:\/\/www.best-dentist-dentistry.com\/de\/wp-json\/wp\/v2\/users\/1"}],"replies":[{"embeddable":true,"href":"https:\/\/www.best-dentist-dentistry.com\/de\/wp-json\/wp\/v2\/comments?post=4680"}],"version-history":[{"count":0,"href":"https:\/\/www.best-dentist-dentistry.com\/de\/wp-json\/wp\/v2\/posts\/4680\/revisions"}],"wp:attachment":[{"href":"https:\/\/www.best-dentist-dentistry.com\/de\/wp-json\/wp\/v2\/media?parent=4680"}],"wp:term":[{"taxonomy":"category","embeddable":true,"href":"https:\/\/www.best-dentist-dentistry.com\/de\/wp-json\/wp\/v2\/categories?post=4680"},{"taxonomy":"post_tag","embeddable":true,"href":"https:\/\/www.best-dentist-dentistry.com\/de\/wp-json\/wp\/v2\/tags?post=4680"}],"curies":[{"name":"wp","href":"https:\/\/api.w.org\/{rel}","templated":true}]}}