{"id":4690,"date":"2012-03-27T18:00:45","date_gmt":"2012-03-27T18:00:45","guid":{"rendered":null},"modified":"-0001-11-30T00:00:00","modified_gmt":"-0001-11-30T00:00:00","slug":"cecova-requested-the-ombudsman-ombudsman-ombuds-and-the-parliamentary-group-of-the-psoe-congress-submit-action-of-unconstitutionality-against-the-decree-of-cuts","status":"publish","type":"post","link":"https:\/\/www.best-dentist-dentistry.com\/de\/cecova-requested-the-ombudsman-ombudsman-ombuds-and-the-parliamentary-group-of-the-psoe-congress-submit-action-of-unconstitutionality-against-the-decree-of-cuts\/4690","title":{"rendered":"CECOVA beantragt der Ombudsmann, Ombudsmann Mechanismen und der Fraktion des Kongresses PSOE Absendeaktion der Verfassungswidrigkeit gegen das Dekret der Schnitte"},"content":{"rendered":"<p><font   size=\"2\"> <strong><font size=\"3\"> CECOVA fordert der Ombudsmann, Ombudsmann Mechanismen und der parlamentarischen Gruppe der PSOE im Kongress, Aktion der Verfassungswidrigkeit gegen das Dekret der Schnitte einzureichen<\/font> <\/p>\n<p> Valencia, M\u00e4rz 2012.-<\/strong> der Rat der Krankenpflege von der valencianischen Gemeinschaft (CECOVA), nach, was in den Assemblys und Sitzungen der Collegiate School of Nursing von Alicante vereinbart wurdeCastell\u00f3n und Valencia in Bezug auf die K\u00fcrzungen im \u00f6ffentlichen Sektor autonome spiegelt sich in dem Legislativdekret 1\/2012 dringend Ma\u00dfnahmen zur Verringerung des Defizits in der valencianischen Gemeinschaft, und der B\u00fcrgerbeauftragte, der S\u00edndic B\u00fcrgerbeauftragten und der parlamentarischen Gruppe der PSOE in das Abgeordnetenhaus (da sie mindestens 50 Mitglieder m\u00fcssen) im Interesse \u00fcbertragen hats der Legalit\u00e4t und zur Verteidigung der verfassungsm\u00e4\u00dfigen Rechte, entsprechend dem Studium und der Klageerhebung der Verfassungswidrigkeit vor dem Verfassungsgericht gegen die zitierten Regelungen von der Generalitat Valenciana, die direkten Einfluss auf das Kollektiv der Krankenpflege. <\/p>\n<p>Ihre Anfrage f\u00fcr diese Einrichtungen gibt an, dass das Gesetz wurde schwere K\u00fcrzungen bei Personal der Kosten, die autonome Verwaltung einzuf\u00fchren, die zum Abbau der wichtige Rechte f\u00fcr alle Mitarbeiter, die Gesundheit als abh\u00e4ngige der Generalitat Valenciana ganz ohne Begr\u00fcndung, gef\u00fchrt haben unddaher auch von Krankenschwestern und Krankenpflegern. <\/p>\n<p>Die K\u00fcrzungen im Bereich der Personalkosten von der Generalitat Valenciana auferlegten bewilligt wurden durch Decreto-Legge, wenn die Gr\u00fcnde, die dazu gef\u00fchrt haben nicht wahr noch real sind, aber v\u00f6llig offensichtlich und fiktive, was folgt aus der Tatsache, dass die regionale Verwaltung, seit einiger Zeit nun bewusst und sich der Situation bewusst undAllerdings gab es dann keine Notwendigkeit f\u00fcr au\u00dfergew\u00f6hnliche oder Notfall-Ma\u00dfnahmen so drastisch und offenkundig unfair, ohne, dass aus unserer Sicht eine wesentliche \u00c4nderung der Lage in dieser Hinsicht es hat. <\/p>\n<p>Da die CECOVA tief bedauern ist, das Ministerium der Gesundheit nicht gegeben, seinen Arm zu drehen, um die ernsten Auswirkungen des Dekrets von K\u00fcrzungen im Gesundheitswesen Besch\u00e4ftigten, zu l\u00f6sen auf dem geladen ist das Gewicht der Verantwortung f\u00fcr eine wirtschaftliche Situation, die in irgendeiner Weise verantwortlich zu machen. Unruhe unter den Angeh\u00f6rigen der Gesundheitsberufe im \u00f6ffentlichen Sektor die Korrespondenz zwischen der des privaten Sektors infolge der die Reform der Arbeit, die den Aufruf f\u00fcr ein Generalstreik am 29. M\u00e4rz, dem aus der CECOVA die Entscheidung der Krankenschwestern arbeiten in diesem Bereich versteht zu unterst\u00fctzen, die Mobilisierung gef\u00fchrt hat. <\/p>\n<p><\/font><\/p>\n","protected":false},"excerpt":{"rendered":"<p>CECOVA fordert der Ombudsmann, Ombudsmann Mechanismen und der parlamentarischen Gruppe der PSOE im Kongress, Aktion der Verfassungswidrigkeit gegen das Dekret der Schnitte einzureichen Valencia, M\u00e4rz 2012.- der Rat der Krankenpflege von der valencianischen Gemeinschaft (CECOVA), nach, was in den Assemblys und Sitzungen der Collegiate School of Nursing von Alicante vereinbart wurdeCastell\u00f3n und Valencia in Bezug [&hellip;]<\/p>\n","protected":false},"author":1,"featured_media":0,"comment_status":"close","ping_status":"open","sticky":false,"template":"","format":"standard","meta":{"footnotes":""},"categories":[3],"tags":[14205,14202,14206,14204,14201,14203],"class_list":["post-4690","post","type-post","status-publish","format-standard","hentry","category-allgemeine","tag-absendeaktion","tag-beantragt","tag-einzureichen","tag-fraktion","tag-morgenstunden","tag-ombudsmann","et-doesnt-have-format-content","et_post_format-et-post-format-standard"],"_links":{"self":[{"href":"https:\/\/www.best-dentist-dentistry.com\/de\/wp-json\/wp\/v2\/posts\/4690","targetHints":{"allow":["GET"]}}],"collection":[{"href":"https:\/\/www.best-dentist-dentistry.com\/de\/wp-json\/wp\/v2\/posts"}],"about":[{"href":"https:\/\/www.best-dentist-dentistry.com\/de\/wp-json\/wp\/v2\/types\/post"}],"author":[{"embeddable":true,"href":"https:\/\/www.best-dentist-dentistry.com\/de\/wp-json\/wp\/v2\/users\/1"}],"replies":[{"embeddable":true,"href":"https:\/\/www.best-dentist-dentistry.com\/de\/wp-json\/wp\/v2\/comments?post=4690"}],"version-history":[{"count":0,"href":"https:\/\/www.best-dentist-dentistry.com\/de\/wp-json\/wp\/v2\/posts\/4690\/revisions"}],"wp:attachment":[{"href":"https:\/\/www.best-dentist-dentistry.com\/de\/wp-json\/wp\/v2\/media?parent=4690"}],"wp:term":[{"taxonomy":"category","embeddable":true,"href":"https:\/\/www.best-dentist-dentistry.com\/de\/wp-json\/wp\/v2\/categories?post=4690"},{"taxonomy":"post_tag","embeddable":true,"href":"https:\/\/www.best-dentist-dentistry.com\/de\/wp-json\/wp\/v2\/tags?post=4690"}],"curies":[{"name":"wp","href":"https:\/\/api.w.org\/{rel}","templated":true}]}}