{"id":4709,"date":"2012-03-28T10:04:56","date_gmt":"2012-03-28T10:04:56","guid":{"rendered":null},"modified":"-0001-11-30T00:00:00","modified_gmt":"-0001-11-30T00:00:00","slug":"pope-closes-cuba-visit-havana-mass-and-meeting-with-fidel","status":"publish","type":"post","link":"https:\/\/www.best-dentist-dentistry.com\/de\/pope-closes-cuba-visit-havana-mass-and-meeting-with-fidel\/4709","title":{"rendered":"Papst schlie\u00dft Kuba besuchen Havana Masse und Treffen mit Fidel"},"content":{"rendered":"<p class=\"first\"> Havanna (Reuters) &#8211; Papst Benedikt XVI wird am Mittwoch seinen Besuch in Kuba mit einer vielf\u00e4ltigen Masse in der mythischen Plaza der Revolution in Havanna und ein Treffen mit Fidel Castro, nachdem er drei Tage auf der Insel mit einer Botschaft der Erneuerung und die Offenheit f\u00fcr ein Land mit f\u00fcnf Jahrzehnten sozialistische Herrschaft schlie\u00dfen.<\/p>\n<p>Der historischen F\u00fchrer der kubanischen Revolution in der Nacht von Dienstag, dass &#8220;gl\u00fccklich&#8221; Saludar\u00eda der r\u00f6mischen Gesandten als es hat mit seinem Vorg\u00e4nger, der sp\u00e4te Johannes Paul II, in eine Besprechung, die ein Ende der Feindseligkeiten zwischen der katholischen Kirche und den kommunistischen Beh\u00f6rden angek\u00fcndigt, bedeutete vor 14 Jahren.<\/p>\n<p>&#8220;Ich kam zu der \u00dcberzeugung, die Marxisten und aufrichtigen Christen (&#8230;) sollten und f\u00fcr Gerechtigkeit und Frieden unter den Menschen Kampf k\u00f6nnten,&#8221; sagte Castro, im Alter 85, eines ihrer \u00fcblichen Reflexionen geschrieben mit dem Titel &#8220;Der schwierigen Zeiten der Menschheit&#8221;.<\/p>\n<p>&#8220;Ich verk\u00fcndete auch und damit zu k\u00e4mpfen,&#8221; f\u00fcgte der ehemalige Pr\u00e4sident der Atheist Nation erkl\u00e4rt.<\/p>\n<p>The Pontifex, 84, traf sich mit Pr\u00e4sident Ra\u00fal Castro bestrebt, den Einfluss der katholischen Kirche in dem karibischen Land, wo die Regierung eine Reihe von Reformen, die darauf abzielen f\u00f6rdert, die Wirtschaft zu modernisieren, ohne Verzicht auf die sozialistische Ideologie Zement am Vorabend.<\/p>\n<p>Sie konnte sehen, dass der Heilige Vater bestellt &#8220;humanit\u00e4re&#8221; Castro, was viele als einen Antrag auf Freilassung politischer Gefangener oder der amerikanische Unternehmer Alan Gross interpretiert, verurteilt zu 15 Jahren Verbindungen installieren Internet illegal auf der Insel als.<\/p>\n<p>Auch angefordert, den Urlaub gut Freitag wiederherzustellen, in eine \u00e4hnliche Geste, die hatte sein Bruder Fidel mit dem polnischen Papst, wenn es Weihnachten vor seinem historischen wiedereingesetzt 1998 besuchen.<\/p>\n<p>Nach das Tagung, staatliche Fernsehen l\u00e4chelnd zeigte Gesichter Gru\u00df, Sie weben die H\u00e4nde vor dem Austausch von Geschenken. Castro gab des Papstes eine h\u00f6lzerne Statue der Virgen De La Caridad und dies wurde mit einem religi\u00f6sen Buch, dekoriert mit bunten Illustrationen.<\/p>\n<p>, Jedoch voraussichtlich nicht Benedikt XVI will Publikum die Dissidenten Gruppen beschuldigt von der Regierung als S\u00f6ldner in den Vereinigten Staaten, w\u00e4hrend Gegner behaupten es wird das Land verlassen, mit einer schr\u00e4ge Vision geben.<\/p>\n<p>Sozialismus, unbestreitbare<\/p>\n<p>Treffen des Bischof von Rom mit der kubanische Herrscher gekr\u00f6nt einen langen Weg bei der Verbesserung der Beziehungen zu der Regierung der Kirche, die gekommen ist, um die wichtigsten Gespr\u00e4chspartner der Beh\u00f6rden bei sensiblen Themen wie Dissidenten und politische Gefangene werden.<\/p>\n<p>Raul und Benedikt XVI., als weniger charismatischen aber pragmatischer F\u00fchrer, die seine Vorg\u00e4nger wollen st\u00e4rken einen Schl\u00fcssel Allianz in Zeiten der Ver\u00e4nderungen auf die Insel, wo Reformen haben erzeugt Spannung und Angst einem Land daran gew\u00f6hnt, State Allgegenwart.<\/p>\n<p>Obwohl die Anwesenheit des Papstes den Erwartungen von gr\u00f6\u00dferer politischer Offenheit auf sensible Menschenrechte und b\u00fcrgerliche Freiheiten Fragen gef\u00fchrt, besuchen die Exekutive w\u00e4hrend der P\u00e4pstlichen deutlich gemacht, dass die wirtschaftliche Ver\u00e4nderungen in den Bereich des politischen Systems Single-Party nicht \u00fcbertragen werden.<\/p>\n<p>&#8220;In Kuba keine politische Reform werden.&#8221; Marino Murillo, Vizepr\u00e4sident der EU-Ministerrat und Betreuer &#8220;In Kuba \u00fcber die Aktualisierung des kubanischen Wirtschaftsmodells, das macht unsere nachhaltiges Sozialismus reden&#8221;, sagte am Dienstag die offiziellen wirtschaftlichen Ver\u00e4nderungen.<\/p>\n<p>Transformationen konnten Kubaner zum ersten Mal seit dem Triumph der Revolution 1959 kaufen und verkaufen frei und H\u00e4user und Autos, Land f\u00fcr den Anbau erwerben und erweitern die Venture private Bereiche, die zuvor an den Staat, wie Tourismus und Gastfreundschaft vorbehalten.<\/p>\n<p>Der Papst seine Rede bei seiner Ankunft in Kuba am Montag mit Referenzen mehr oder weniger verschleierten politischen Gefangenen, die Notwendigkeit politischen Wandel vertiefen und erneuern, Gesellschaft, aber weit von frontal kommentiert das Scheitern des Kommunismus vor Anreise entspannt.<\/p>\n<p>Allerdings hielt der Heilige Vater seine Vision, dass das Land neue Modelle braucht zu bewegen vorw\u00e4rts und, dass die Kirche eine &#8220;wesentliche&#8221; Rolle in der Zukunft der Insel haben.<\/p>\n<p>(Herausgegeben von Carlos Aliaga und Silene Ram\u00edrez)<\/p>\n","protected":false},"excerpt":{"rendered":"<p>Havanna (Reuters) &#8211; Papst Benedikt XVI wird am Mittwoch seinen Besuch in Kuba mit einer vielf\u00e4ltigen Masse in der mythischen Plaza der Revolution in Havanna und ein Treffen mit Fidel Castro, nachdem er drei Tage auf der Insel mit einer Botschaft der Erneuerung und die Offenheit f\u00fcr ein Land mit f\u00fcnf Jahrzehnten sozialistische Herrschaft schlie\u00dfen. [&hellip;]<\/p>\n","protected":false},"author":1,"featured_media":0,"comment_status":"close","ping_status":"open","sticky":false,"template":"","format":"standard","meta":{"footnotes":""},"categories":[3],"tags":[14235,14236],"class_list":["post-4709","post","type-post","status-publish","format-standard","hentry","category-allgemeine","tag-fast-food","tag-havana","et-doesnt-have-format-content","et_post_format-et-post-format-standard"],"_links":{"self":[{"href":"https:\/\/www.best-dentist-dentistry.com\/de\/wp-json\/wp\/v2\/posts\/4709","targetHints":{"allow":["GET"]}}],"collection":[{"href":"https:\/\/www.best-dentist-dentistry.com\/de\/wp-json\/wp\/v2\/posts"}],"about":[{"href":"https:\/\/www.best-dentist-dentistry.com\/de\/wp-json\/wp\/v2\/types\/post"}],"author":[{"embeddable":true,"href":"https:\/\/www.best-dentist-dentistry.com\/de\/wp-json\/wp\/v2\/users\/1"}],"replies":[{"embeddable":true,"href":"https:\/\/www.best-dentist-dentistry.com\/de\/wp-json\/wp\/v2\/comments?post=4709"}],"version-history":[{"count":0,"href":"https:\/\/www.best-dentist-dentistry.com\/de\/wp-json\/wp\/v2\/posts\/4709\/revisions"}],"wp:attachment":[{"href":"https:\/\/www.best-dentist-dentistry.com\/de\/wp-json\/wp\/v2\/media?parent=4709"}],"wp:term":[{"taxonomy":"category","embeddable":true,"href":"https:\/\/www.best-dentist-dentistry.com\/de\/wp-json\/wp\/v2\/categories?post=4709"},{"taxonomy":"post_tag","embeddable":true,"href":"https:\/\/www.best-dentist-dentistry.com\/de\/wp-json\/wp\/v2\/tags?post=4709"}],"curies":[{"name":"wp","href":"https:\/\/api.w.org\/{rel}","templated":true}]}}