{"id":4716,"date":"2012-03-28T18:00:19","date_gmt":"2012-03-28T18:00:19","guid":{"rendered":null},"modified":"-0001-11-30T00:00:00","modified_gmt":"-0001-11-30T00:00:00","slug":"cocemfe-hopes-that-the-future-general-law-of-disability-does-not-involve-any-recoil","status":"publish","type":"post","link":"https:\/\/www.best-dentist-dentistry.com\/de\/cocemfe-hopes-that-the-future-general-law-of-disability-does-not-involve-any-recoil\/4716","title":{"rendered":"COCEMFE hofft, dass das k\u00fcnftige allgemeinen Gesetz der Behinderung keine R\u00fccksto\u00df"},"content":{"rendered":"<p><font   size=\"2\"> <font size=\"3\"> <strong>COCEMFE hofft, dass das k\u00fcnftige allgemeinen Gesetz der Behinderung keine R\u00fccksto\u00df <br \/><\/strong><\/font> <\/p>\n<p>-diese Regel liefert das Wissen und die Einhaltung aller Rechtsvorschriften im Bereich der Behinderung <\/p>\n<p>-COCEMFE hofft, dass das dritte Sektor-Gesetz die Unsicherheit der Behinderung Vereinigungen ein Ende gesetzt <\/p>\n<p>-La Eidgenossenschaft h\u00e4lt es f\u00fcr notwendig, das Gesundheitswesen und die soziale Wohlfahrt zu koordinieren <\/p>\n<p> <strong>MadridM\u00e4rz 2012.-<\/strong> die Spanische Konf\u00f6deration von Menschen mit k\u00f6rperlicher Behinderung und organische (COCEMFE) gratuliert die Ministerin f\u00fcr Gesundheit, soziale Dienste und Gleichheit, Ana Mato, die Ank\u00fcndigung w\u00e4hrend seiner Anh\u00f6rung im Ausschuss f\u00fcr Gesundheit und soziale Dienste des Senats von der Pr\u00e4sentation eines Gesetzes allgemeine Behinderung zu harmonisieren und zu integrieren alle Rechtsvorschriften in diesem Bereich. <\/p>\n<p>Der Pr\u00e4sident des COCEMFE, Mario Garcia, der Auffassung, dass  ist eine wichtige Initiative, die wird sicherlich erleichtern Kenntnisse aller Regeln im Bereich der Behinderung und wiederum zur Einhaltung der Gesetze, die mit Menschen mit Behinderungen zu tun haben, weil es einmal darauf hingewiesen wird, dass es eine unerledigte in unserem Land bleibt &#8221;. <\/p>\n<p>Ebenso Mario Garc\u00eda hat den Minister behauptet, dass  in dieser Integration und Harmonisierung der Gesetzgebung gibt es keinen R\u00fccksto\u00df in die sozialen Errungenschaften haben beide hart gearbeitet in den letzten Jahrzehnten zu erreichen &#8221;. <\/p>\n<p>Eine weitere Ank\u00fcndigungen von Ana Mato bei seinem Auftritt wurde die Pr\u00e4sentation eines dritten Sektor Gesetz, die darauf abzielt, einen Rahmen von Stabilit\u00e4t und Vertrauen Entit\u00e4ten f\u00fcr Soziales Handeln bieten und es ihnen erm\u00f6glichen,  als grundlegende Arbeiten f\u00fcr die Gesellschaft weiterhin &#8221;, sagte der eigenen Minister. <\/p>\n<p>Wie in alle Verb\u00e4nde, Einheiten des COCEMFE jahrelang die Auswirkungen der Wirtschaftskrise leiden finden Sie unter die Kontinuit\u00e4t der Dienste und Unterst\u00fctzung f\u00fcr Menschen mit k\u00f6rperlichen und organischen Behinderungen vor allem aufgrund der Verz\u00f6gerungen bei der Zahlung von Subventionen und gelegentlich die Verweigerung von denen erhalten j\u00e4hrlich f\u00fcr konsolidierte Programme verpflichtet. <\/p>\n<p>F\u00fcr Mario Garcia  die Schulden von Unternehmen der Behinderung mit den Beh\u00f6rden geschuldet wird nicht nachhaltig &#8221; und deshalb gehofft, dass  die Verabschiedung dieses Gesetzes droht also, die Dienstleistungen f\u00fcr Personen mit Behinderungen Leben auf einem Hochseil stoppen &#8221;. <\/p>\n<p>Im Zusammenhang mit der Umsetzung der Volksgesundheit ein Modell in unserem Land, COCEMFE h\u00e4lt es ein notwendiger Schritt um die M\u00e4ngel zu lindern, die viele Menschen mit Behinderungen gerade durch die strikte Trennung zwischen Gesundheitswesen und Sozialf\u00fcrsorge in Spanien haben. <\/p>\n<p> Ist wesentlich f\u00fcr die mangelnde Koordinierung zwischen den beiden Systemen, als Rest Wirksamkeit der Ma\u00dfnahmen zu beseitigen und wirkt sich in negativer Weise Menschen, die beide Dienste gemeinsam und gleichzeitig brauchen &#8221;, Garc\u00eda fest. <\/p>\n<p>Die Spanisch-Bund von Menschen mit k\u00f6rperlicher Behinderung und organische (COCEMFE) ist eine nichtstaatliche Non-Profit, der 1980 gegr\u00fcndet wurde. Es zielt darauf ab, zu vereinen, zu st\u00e4rken und zu bilden koordinieren die Bem\u00fchungen und Aktivit\u00e4ten der Unternehmen arbeiten zugunsten von Personen mit Behinderungen, physikalische und biologische um ihre Rechte zu verteidigen und ihre Lebensqualit\u00e4t zu verbessern. Das Unternehmen vereint mehr als 1.360 Organisationen unterteilt in Autonome Verb\u00e4nde, staatliche Einrichtungen und provinziellen Verb\u00e4nde, die wiederum unterschiedlichen lokalen Verb\u00e4nden gruppiert.<\/font><\/p>\n","protected":false},"excerpt":{"rendered":"<p>COCEMFE hofft, dass das k\u00fcnftige allgemeinen Gesetz der Behinderung keine R\u00fccksto\u00df -diese Regel liefert das Wissen und die Einhaltung aller Rechtsvorschriften im Bereich der Behinderung -COCEMFE hofft, dass das dritte Sektor-Gesetz die Unsicherheit der Behinderung Vereinigungen ein Ende gesetzt -La Eidgenossenschaft h\u00e4lt es f\u00fcr notwendig, das Gesundheitswesen und die soziale Wohlfahrt zu koordinieren MadridM\u00e4rz 2012.- [&hellip;]<\/p>\n","protected":false},"author":1,"featured_media":0,"comment_status":"close","ping_status":"open","sticky":false,"template":"","format":"standard","meta":{"footnotes":""},"categories":[3],"tags":[14244],"class_list":["post-4716","post","type-post","status-publish","format-standard","hentry","category-allgemeine","tag-gegrndet","et-doesnt-have-format-content","et_post_format-et-post-format-standard"],"_links":{"self":[{"href":"https:\/\/www.best-dentist-dentistry.com\/de\/wp-json\/wp\/v2\/posts\/4716","targetHints":{"allow":["GET"]}}],"collection":[{"href":"https:\/\/www.best-dentist-dentistry.com\/de\/wp-json\/wp\/v2\/posts"}],"about":[{"href":"https:\/\/www.best-dentist-dentistry.com\/de\/wp-json\/wp\/v2\/types\/post"}],"author":[{"embeddable":true,"href":"https:\/\/www.best-dentist-dentistry.com\/de\/wp-json\/wp\/v2\/users\/1"}],"replies":[{"embeddable":true,"href":"https:\/\/www.best-dentist-dentistry.com\/de\/wp-json\/wp\/v2\/comments?post=4716"}],"version-history":[{"count":0,"href":"https:\/\/www.best-dentist-dentistry.com\/de\/wp-json\/wp\/v2\/posts\/4716\/revisions"}],"wp:attachment":[{"href":"https:\/\/www.best-dentist-dentistry.com\/de\/wp-json\/wp\/v2\/media?parent=4716"}],"wp:term":[{"taxonomy":"category","embeddable":true,"href":"https:\/\/www.best-dentist-dentistry.com\/de\/wp-json\/wp\/v2\/categories?post=4716"},{"taxonomy":"post_tag","embeddable":true,"href":"https:\/\/www.best-dentist-dentistry.com\/de\/wp-json\/wp\/v2\/tags?post=4716"}],"curies":[{"name":"wp","href":"https:\/\/api.w.org\/{rel}","templated":true}]}}