{"id":4747,"date":"2012-03-29T10:05:48","date_gmt":"2012-03-29T10:05:48","guid":{"rendered":null},"modified":"-0001-11-30T00:00:00","modified_gmt":"-0001-11-30T00:00:00","slug":"killer-nurse-colleagues-repudiate-the-crimes-and-consider-them-to-be-an-isolated-event","status":"publish","type":"post","link":"https:\/\/www.best-dentist-dentistry.com\/de\/killer-nurse-colleagues-repudiate-the-crimes-and-consider-them-to-be-an-isolated-event\/4747","title":{"rendered":"M\u00f6rder Krankenschwester Kollegen zur\u00fcckweisen, die Verbrechen und halte sie f\u00fcr ein isoliertes Ereignis"},"content":{"rendered":"<p class=\"first\"> <span class=\"yshortcuts\" id=\"lw_1332974712_0\"> Montevideo<\/span>, 28 M\u00e4r (<span class=\"yshortcuts\" id=\"lw_1332974712_1\"> EFE<\/span>).-die <span class=\"yshortcuts\" id=\"lw_1332974712_2\"> Arbeitnehmer<\/span> von <span class=\"yshortcuts\" id=\"lw_1332974712_3\"> Maciel Krankenhaus<\/span> von Montevideo, wo die <span class=\"yshortcuts\" id=\"lw_1332974712_4\"> Krankenschwester<\/span> <span class=\"yshortcuts\" id=\"lw_1332974712_5\"> Marcelo Pereira<\/span> ermordet mindestens f\u00fcnf <span class=\"yshortcuts\" id=\"lw_1332974712_6\"> Patienten<\/span> auf der <span class=\"yshortcuts\" id=\"lw_1332974712_7\"> Intensivstation<\/span>, aufgenommen heute kam seine <span class=\"yshortcuts\" id=\"lw_1332974712_8\">-Repudiation<\/span> f\u00fcr diese Verbrechen zu \u00e4u\u00dfern, als &#8220;ein isoliertes Ereignis&#8221;.<\/p>\n<p>Zum ersten Mal da letzte Woche wusste, die Inhaftierung von Pereira und eine andere Krankenschwester, Ariel Acevedo dass, beschuldigt den Tod der zehn Patienten im Krankenhaus von der spanischen Vereinigung, Arbeiter der Maciel kam, zu beurteilen, was geschah und nahm um Arbeitsbedingungen protestieren.<\/p>\n<p>. Der Sprecher der Schwestern des Krankenhauses, Gustavo Gianre, lesen Sie eine Anweisung am Eingang des Krankenhauses in dem bekundet seine &#8220;tiefste Solidarit\u00e4t mit den betroffenen Familien&#8221; und erinnerte daran, dass was passiert ist &#8220;nichts hat zu tun mit dem Beruf der Krankenpflege, wo Leben und den menschlichen Wert Priorit\u00e4t sind&#8221;.<\/p>\n<p>&#8220;Brauchte, um alles zu kommunizieren, was uns verletzt, diese Situation und die Karte, die wir f\u00fcr das Leben, \u00fcber alles, was geschehen.&#8221; &#8220;Wir weiter arbeiten und unsere Patienten zugelassen sind,&#8221; sagte Gianre die Medien.<\/p>\n<p>Arbeitnehmer hervor, dass \u00fcber diese Veranstaltungen, Mitarbeiter von der Maciel einige Monate anfordern gr\u00f6\u00dfere personeller und materielle Ressourcen um ihre Arbeit zu erf\u00fcllen sind und f\u00fcr Benutzer &#8220;Pflege verantwortlich, sichere und effektive&#8221; ihren rechtm\u00e4\u00dfigen haben.<\/p>\n<p>Gianre bestand darauf, dass gerade aufgrund der Verantwortung, Mitarbeiter weiterhin haben in diesen Tagen trotz der schwierigen Umst\u00e4nde in denen sie waren, und warum Benutzer, die ersten paar Tage nach dem Skandal waren vorsichtig von Krankenschwestern &#8220;angesichts der Tatsache, dass wir mit ihnen sind&#8221;.<\/p>\n<p>&#8220;Wir bedenken, dass Misstrauen Lockerung war, sah Leute hier funktioniert es gut, ehrlich gesagt, nicht unter den besten Bedingungen arbeiten aber Kollegen demonstriert die Kraft brachte die Arbeit nach vorne,&#8221; angezeigt.<\/p>\n<p>Ansicht der Fassade des Krankenhauses Maciel in Montevideo (Uruguay). EFE\/Datei<\/p>\n","protected":false},"excerpt":{"rendered":"<p>Montevideo, 28 M\u00e4r ( EFE).-die Arbeitnehmer von Maciel Krankenhaus von Montevideo, wo die Krankenschwester Marcelo Pereira ermordet mindestens f\u00fcnf Patienten auf der Intensivstation, aufgenommen heute kam seine -Repudiation f\u00fcr diese Verbrechen zu \u00e4u\u00dfern, als &#8220;ein isoliertes Ereignis&#8221;. Zum ersten Mal da letzte Woche wusste, die Inhaftierung von Pereira und eine andere Krankenschwester, Ariel Acevedo dass, [&hellip;]<\/p>\n","protected":false},"author":1,"featured_media":0,"comment_status":"close","ping_status":"open","sticky":false,"template":"","format":"standard","meta":{"footnotes":""},"categories":[3],"tags":[14296,14297,14293,14295,14294],"class_list":["post-4747","post","type-post","status-publish","format-standard","hentry","category-allgemeine","tag-halte","tag-isoliertes","tag-mrder","tag-verbrechen","tag-zurckweisen","et-doesnt-have-format-content","et_post_format-et-post-format-standard"],"_links":{"self":[{"href":"https:\/\/www.best-dentist-dentistry.com\/de\/wp-json\/wp\/v2\/posts\/4747","targetHints":{"allow":["GET"]}}],"collection":[{"href":"https:\/\/www.best-dentist-dentistry.com\/de\/wp-json\/wp\/v2\/posts"}],"about":[{"href":"https:\/\/www.best-dentist-dentistry.com\/de\/wp-json\/wp\/v2\/types\/post"}],"author":[{"embeddable":true,"href":"https:\/\/www.best-dentist-dentistry.com\/de\/wp-json\/wp\/v2\/users\/1"}],"replies":[{"embeddable":true,"href":"https:\/\/www.best-dentist-dentistry.com\/de\/wp-json\/wp\/v2\/comments?post=4747"}],"version-history":[{"count":0,"href":"https:\/\/www.best-dentist-dentistry.com\/de\/wp-json\/wp\/v2\/posts\/4747\/revisions"}],"wp:attachment":[{"href":"https:\/\/www.best-dentist-dentistry.com\/de\/wp-json\/wp\/v2\/media?parent=4747"}],"wp:term":[{"taxonomy":"category","embeddable":true,"href":"https:\/\/www.best-dentist-dentistry.com\/de\/wp-json\/wp\/v2\/categories?post=4747"},{"taxonomy":"post_tag","embeddable":true,"href":"https:\/\/www.best-dentist-dentistry.com\/de\/wp-json\/wp\/v2\/tags?post=4747"}],"curies":[{"name":"wp","href":"https:\/\/api.w.org\/{rel}","templated":true}]}}