{"id":4754,"date":"2012-03-30T10:05:08","date_gmt":"2012-03-30T10:05:08","guid":{"rendered":null},"modified":"-0001-11-30T00:00:00","modified_gmt":"-0001-11-30T00:00:00","slug":"more-ear-stresses-the-importance-of-upholding-the-right-to-life-against-the-dominant-fashion","status":"publish","type":"post","link":"https:\/\/www.best-dentist-dentistry.com\/de\/more-ear-stresses-the-importance-of-upholding-the-right-to-life-against-the-dominant-fashion\/4754","title":{"rendered":"Weitere Ohr unterstreicht die Bedeutung der Wahrung des Rechts auf Leben &#8220;gegen die dominierenden Mode&#8221;"},"content":{"rendered":"<p class=\"first\"> <span class=\"yshortcuts\" id=\"lw_1333113467_0\"> MADRID<\/span>, 30 (<span class=\"yshortcuts\" id=\"lw_1333113467_1\"> EUROPA PRESS<\/span>)<\/p>\n<p><span class=\"yshortcuts\" id=\"lw_1333113467_2\"> stellvertretender Vorsitzender<\/span> der <span class=\"yshortcuts\" id=\"lw_1333113467_3\"> EVP-Fraktion<\/span> (<span class=\"yshortcuts\" id=\"lw_1333113467_4\"> PPE<\/span>) und <span class=\"yshortcuts\" id=\"lw_1333113467_5\"> MEP<\/span> Jaime <span class=\"yshortcuts\" id=\"lw_1333113467_6\"> Mayor Oreja<\/span> hat Donnerstag betont die Bedeutung der Aufrechterhaltung der <span class=\"yshortcuts\" id=\"lw_1333113467_7\"> Rechts auf Leben<\/span> der ungeborenen &#8220;von der dominierenden <span class=\"yshortcuts\"id=\"lw_1333113467_8\"> Mode<\/span> in Europa&#8221; und hat gebeten, die Organisationen &#39; Provida &#39; wird, die nicht peinlich sein, aus &#8220;einen Wert von vielen tausend Europ\u00e4er gemeinsam&#8221; zu verteidigen.<\/p>\n<p>So es w\u00e4hrend eines Treffens der europ\u00e4ischen Verb\u00e4nde des ungeborenen Lebens angedeutet hat, die fand in Br\u00fcssel unter dem Motto &#39; wir Resignamos nicht in der Verteidigung des ungeborenen &#39; und es wurde von einer Gruppe von mehreren Mitgliedern aus verschiedenen Fraktionen gesponsert wurde und 30 Organisationen aus 22 EU-L\u00e4ndern haben, die beteiligt.<\/p>\n<p>Also, zusammen mit den Projekttr\u00e4gern der Initiative, Jaime Mayor Oreja und dem italienischen MdEP, Vorsitzender des Ausschusses f\u00fcr konstitutionelle Fragen des Europ\u00e4ischen Parlaments, Carlo Casini, mit polnischer Europaabgeordneter und auch Vizepr\u00e4sident der EVP-Fraktion, Jan Olbrycht, Italiener Mario Mauro, Miroslav Mikolasik und Anna Zaborska Slowaken; tschechisch Zuzana Roithov\u00e1, ungarisch L\u00e1szl\u00f3 Surjan, Slowenisch Alojz Peterle deutschen Martin KaslerPeter Liese und Bernd Posselt; Polnischer Abgeordneter der konservativen und reformistischen europ\u00e4ischen (ECR) Konrad Szymanski-Gruppe und der Liberalen Fraktion (ALDE), Hannu Takkula. finnische<\/p>\n<p>&#8220;Es ist ein unver\u00f6ffentlichtes Treffen von der Dimension der Organisatoren und der Dimension von der beschworenen und dahinter ist grunds\u00e4tzlich der Grundgedanke der nicht abfinden an was bedeutet, dass eine vorherrschende Mode in Europa der Verachtung f\u00fcr das Leben, Verachtung f\u00fcr die Rechte der Sache nicht m\u00f6glich, und mit dem Gef\u00fchl, dass diese neue Zeit, die wir leben erfordert mehr denn je eine St\u00e4rkung unserer Grundwerte und das erste&#8221; &#8220;Ihnen ist das Recht auf Leben&#8221;, sagte Mayor Oreja.<\/p>\n<p>Wie es erkl\u00e4rt wurde, das Ziel ist auch, &#8220;der Wunsch, eine Ver\u00e4nderung, eine Ver\u00e4nderung in der Haltung, eine \u00c4nderung im Trend einzuf\u00fchren, wenn es darum geht, die Werte von vielen Europ\u00e4ern geteilt zu verteidigen nicht sch\u00e4men&#8221;.<\/p>\n<p>&#8220;Wir hoffen, dass dieses Treffen institutionalisiert werden und jedes Jahr wir gerufen haben immer mehr Abgeordneten mit dieser Diagnose aller europ\u00e4ischen Institutionen und Verb\u00e4nde, die das Recht auf Leben in diesen Institutionen zu verteidigen&#8221;, hinzugef\u00fcgt wurde.<\/p>\n<p>Hat jeder der teilnehmenden Vereine &#8211; darunter einige Spanisch als ein Recht zu leben und die Familienpolitik Institut &#8211; eine Diagnose der Situation des Rechts auf Leben in den verschiedenen L\u00e4ndern der EU und der Initiativen in jedem von ihnen gemacht.<\/p>\n<p>Europ\u00e4ische B\u00fcrgerinitiative<\/p>\n<p>F\u00fcr seinen Teil, der italienische Abgeordnete und Vorsitzende des Ausschusses f\u00fcr konstitutionelle Fragen des Europ\u00e4ischen Parlaments, Carlo Casini, hat angek\u00fcndigt, die Einreichung innerhalb der kurzen Amtszeit von einer europ\u00e4ischen B\u00fcrgerinitiative &#8220;in der Verteidigung des menschlichen Lebens&#8221;, nutzen, die die M\u00f6glichkeit der Verwendung dieser Formel, so dass B\u00fcrger die Ver\u00f6ffentlichung der europ\u00e4ischen Rechtsvorschriften in bestimmten Angelegenheiten beanspruchen, wenn sie die Unterst\u00fctzung von mehr als einer Million haben am 1. April in Kraft treten wird Unterschriften von mindestens sieben L\u00e4nder der EU.<\/p>\n<p>Casini hat erkl\u00e4rt, dass ein &#8220;Volksinitiative&#8221;, die nicht von den Abgeordneten und f\u00fcr die Erstellung von einem Organisationskomitee, die erforderlichen Unterschriften zu sammeln geleitet werden. Hat auch darauf hingewiesen, dass der Titel der Initiative werden &#39; einer USA &#39;, das entspricht &#8220;des Titels des Berichts des nationalen Ausschusses der Bioethik (Italienisch) \u00fcber den Status des menschlichen Embryos&#8221;.<\/p>\n<p>&#8220;Im Wesentlichen diese Initiative zu suchen, dass die europ\u00e4ischen Institutionen interpretiert das Recht auf Leben und Achtung der Menschenw\u00fcrde, die in den Vertr\u00e4gen von der Empf\u00e4ngnis sind und daher bei der Verwendung der Mittel zur Verf\u00fcgung auf dem Gebiet der Gesundheit, im Bereich der Beihilfen f\u00fcr die Entwicklung oder die wissenschaftliche Forschung dient nicht die Zerst\u00f6rung des ungeborenen Menschen&#8221;, abgeschlossen wurde.<\/p>\n","protected":false},"excerpt":{"rendered":"<p>MADRID, 30 ( EUROPA PRESS) stellvertretender Vorsitzender der EVP-Fraktion ( PPE) und MEP Jaime Mayor Oreja hat Donnerstag betont die Bedeutung der Aufrechterhaltung der Rechts auf Leben der ungeborenen &#8220;von der dominierenden Mode in Europa&#8221; und hat gebeten, die Organisationen &#39; Provida &#39; wird, die nicht peinlich sein, aus &#8220;einen Wert von vielen tausend Europ\u00e4er [&hellip;]<\/p>\n","protected":false},"author":1,"featured_media":0,"comment_status":"close","ping_status":"open","sticky":false,"template":"","format":"standard","meta":{"footnotes":""},"categories":[3],"tags":[14312,14311,14310],"class_list":["post-4754","post","type-post","status-publish","format-standard","hentry","category-allgemeine","tag-dominierenden","tag-wahrung","tag-warten","et-doesnt-have-format-content","et_post_format-et-post-format-standard"],"_links":{"self":[{"href":"https:\/\/www.best-dentist-dentistry.com\/de\/wp-json\/wp\/v2\/posts\/4754","targetHints":{"allow":["GET"]}}],"collection":[{"href":"https:\/\/www.best-dentist-dentistry.com\/de\/wp-json\/wp\/v2\/posts"}],"about":[{"href":"https:\/\/www.best-dentist-dentistry.com\/de\/wp-json\/wp\/v2\/types\/post"}],"author":[{"embeddable":true,"href":"https:\/\/www.best-dentist-dentistry.com\/de\/wp-json\/wp\/v2\/users\/1"}],"replies":[{"embeddable":true,"href":"https:\/\/www.best-dentist-dentistry.com\/de\/wp-json\/wp\/v2\/comments?post=4754"}],"version-history":[{"count":0,"href":"https:\/\/www.best-dentist-dentistry.com\/de\/wp-json\/wp\/v2\/posts\/4754\/revisions"}],"wp:attachment":[{"href":"https:\/\/www.best-dentist-dentistry.com\/de\/wp-json\/wp\/v2\/media?parent=4754"}],"wp:term":[{"taxonomy":"category","embeddable":true,"href":"https:\/\/www.best-dentist-dentistry.com\/de\/wp-json\/wp\/v2\/categories?post=4754"},{"taxonomy":"post_tag","embeddable":true,"href":"https:\/\/www.best-dentist-dentistry.com\/de\/wp-json\/wp\/v2\/tags?post=4754"}],"curies":[{"name":"wp","href":"https:\/\/api.w.org\/{rel}","templated":true}]}}