{"id":476,"date":"2012-03-24T23:12:24","date_gmt":"2012-03-24T23:12:24","guid":{"rendered":null},"modified":"2012-03-24T23:12:24","modified_gmt":"2012-03-24T23:12:24","slug":"what-are-the-causes-of-the-embodied-hairsij","status":"publish","type":"post","link":"https:\/\/www.best-dentist-dentistry.com\/de\/what-are-the-causes-of-the-embodied-hairsij\/476","title":{"rendered":"Was sind die Ursachen der verk\u00f6rperten Haare?"},"content":{"rendered":"<p>Und reden, wurde das Problem der <strong>hartn\u00e4ckigen Haare<\/strong> oder verk\u00f6rpert in der Haut. Und jetzt sind wir im Sommer, die dieses Problem noch mehr vorgeworfen wird. Aber was sind die h\u00e4ufigsten Ursachen f\u00fcr ihr auftreten? Hier m\u00f6chten wir wissen, diese Ursachen zu starten, Behandlung von uns, wenn wir finden, die uns passt.<\/p>\n<p>Wenn nicht <strong>Haut<\/strong> von Grund auf, doch infizieren die Haare, die k\u00f6nnen nicht nach drau\u00dfen gehen und uns ernste Probleme der Abszesse, die mit unserem Arzt. &lt;br\/&gt; diese sind die Ursachen mehr allgemein: Br \/ &gt; \u2022 eine dicke Haar und Haar lockig. &lt;br\/&gt; \u2022 Wenn die Haut die n\u00f6tige Feuchtigkeit fehlt und sehr trocken ist. &lt;br\/&gt; \u2022 eine steife Haar und starke. &lt;br\/&gt; \u2022 eine Anh\u00e4ufung von Fett in die Haarfollikel. &lt;br\/&gt; \u2022 Wenn die Poren und Oberfl\u00e4che Haut, die sie behindern, mit abgestorbene Zellen, Haar kann nicht nach drau\u00dfen gehen und wachsen, nach innen und seitw\u00e4rts. Die Mehrheit der Menschen sind betroffen von dieser Ursachen mehr als andere aufgrund ihrer Zusammensetzung Genetik. &lt;br\/&gt; \u2022 eine Technik der Enthaarung oder Rasieren unangemessen ist, ist eine der Hauptursachen f\u00fcr die Haare fleischgewordene.<\/p>\n<p>&lt;br\/&gt; \u2022 Haarentfernung und Reibung aufgrund der enge Kleidung verschlechtert gewelltes Haar wachsen nach innen von der Haut. &lt;br\/&gt; \u2022 eine schlechte Hydratation der Haut. &lt;br\/&gt; es gibt auch F\u00e4lle, in schwache Haare und es kann nicht brechen die Ebene der Epidermis zum Beenden an die Oberfl\u00e4che.<\/p>\n","protected":false},"excerpt":{"rendered":"<p>Und reden, wurde das Problem der hartn\u00e4ckigen Haare oder verk\u00f6rpert in der Haut. Und jetzt sind wir im Sommer, die dieses Problem noch mehr vorgeworfen wird. Aber was sind die h\u00e4ufigsten Ursachen f\u00fcr ihr auftreten? Hier m\u00f6chten wir wissen, diese Ursachen zu starten, Behandlung von uns, wenn wir finden, die uns passt. Wenn nicht Haut [&hellip;]<\/p>\n","protected":false},"author":1,"featured_media":0,"comment_status":"close","ping_status":"open","sticky":false,"template":"","format":"standard","meta":{"footnotes":""},"categories":[3],"tags":[2982,2984,2985,2983],"class_list":["post-476","post","type-post","status-publish","format-standard","hentry","category-allgemeine","tag-gefroren","tag-haare","tag-hartnckigen","tag-verkrperten","et-doesnt-have-format-content","et_post_format-et-post-format-standard"],"_links":{"self":[{"href":"https:\/\/www.best-dentist-dentistry.com\/de\/wp-json\/wp\/v2\/posts\/476","targetHints":{"allow":["GET"]}}],"collection":[{"href":"https:\/\/www.best-dentist-dentistry.com\/de\/wp-json\/wp\/v2\/posts"}],"about":[{"href":"https:\/\/www.best-dentist-dentistry.com\/de\/wp-json\/wp\/v2\/types\/post"}],"author":[{"embeddable":true,"href":"https:\/\/www.best-dentist-dentistry.com\/de\/wp-json\/wp\/v2\/users\/1"}],"replies":[{"embeddable":true,"href":"https:\/\/www.best-dentist-dentistry.com\/de\/wp-json\/wp\/v2\/comments?post=476"}],"version-history":[{"count":0,"href":"https:\/\/www.best-dentist-dentistry.com\/de\/wp-json\/wp\/v2\/posts\/476\/revisions"}],"wp:attachment":[{"href":"https:\/\/www.best-dentist-dentistry.com\/de\/wp-json\/wp\/v2\/media?parent=476"}],"wp:term":[{"taxonomy":"category","embeddable":true,"href":"https:\/\/www.best-dentist-dentistry.com\/de\/wp-json\/wp\/v2\/categories?post=476"},{"taxonomy":"post_tag","embeddable":true,"href":"https:\/\/www.best-dentist-dentistry.com\/de\/wp-json\/wp\/v2\/tags?post=476"}],"curies":[{"name":"wp","href":"https:\/\/api.w.org\/{rel}","templated":true}]}}