{"id":4761,"date":"2012-03-30T10:05:31","date_gmt":"2012-03-30T10:05:31","guid":{"rendered":null},"modified":"-0001-11-30T00:00:00","modified_gmt":"-0001-11-30T00:00:00","slug":"argentina-chair-for-two-years-the-latin-american-conference-of-the-fao","status":"publish","type":"post","link":"https:\/\/www.best-dentist-dentistry.com\/de\/argentina-chair-for-two-years-the-latin-american-conference-of-the-fao\/4761","title":{"rendered":"Argentinien f\u00fcr zwei Jahre den Vorsitz der lateinamerikanischen Konferenz der FAO"},"content":{"rendered":"<p class=\"first\"> Buenos Aires, 30 M\u00e4r (EFE).-Argentinien f\u00fchrt den Vorsitz in den n\u00e4chsten zwei Jahren die Regional Conference von Lateinamerika und die Karibik von der Organisation f\u00fcr Landwirtschaft und Ern\u00e4hrung (FAO) der Vereinten Nationen best\u00e4tigt heute EfE Quellen der Organisation.<\/p>\n<p>Die Wahl von Argentinien an die Regionalkonferenz Stuhl wurde bekannt gegeben, von dem Generaldirektor der FAO, Jos\u00e9 Graziano Da Silva, im Rahmen einer Sitzung der Minister of Agriculture von Lateinamerika und der Karibik, die heute in Buenos Aires beendet.<\/p>\n<p>Das treffen, mit die letzten Vertretern der 32 L\u00e4nder der Region Montag, den wichtigsten Herausforderungen der internationalen Lebensmittel- und agrarpolitische Agenda und legen Sie die Priorit\u00e4ten, die weiterhin auf FAO in den n\u00e4chsten zwei Jahren soll.<\/p>\n<p>&#8220;Wir wissen, dass die Ern\u00e4hrungssicherheit h\u00e4ngt von Ma\u00dfnahmen im Bereich der sozialen, wirtschaftlichen und produktiven, und wir wissen auch, dass es politisches Engagement nicht nur von einer Regierung, sondern eine ganze Gesellschaft umfasst&#8221; sagte Donnerstag Graziano da Silva.<\/p>\n<p>Der Direktor der FAO betont &#8220;erh\u00f6hen globalen Nahrungsmittelproduktion um 70 Prozent auf eine Bev\u00f6lkerung zu ern\u00e4hren, die 9 Milliarden Menschen im Jahr 2050 erreichen wird&#8221;.<\/p>\n<p>La Lateinamerika-Initiative und der Karibik ohne Hunger, Brasilien und Guatemala im Bereich der FAO, 2005 getrieben ist geplant f\u00fcr vor 2025 Tor, wie er erinnerte Graziano da Silva. EFE<\/p>\n","protected":false},"excerpt":{"rendered":"<p>Buenos Aires, 30 M\u00e4r (EFE).-Argentinien f\u00fchrt den Vorsitz in den n\u00e4chsten zwei Jahren die Regional Conference von Lateinamerika und die Karibik von der Organisation f\u00fcr Landwirtschaft und Ern\u00e4hrung (FAO) der Vereinten Nationen best\u00e4tigt heute EfE Quellen der Organisation. Die Wahl von Argentinien an die Regionalkonferenz Stuhl wurde bekannt gegeben, von dem Generaldirektor der FAO, Jos\u00e9 [&hellip;]<\/p>\n","protected":false},"author":1,"featured_media":0,"comment_status":"close","ping_status":"open","sticky":false,"template":"","format":"standard","meta":{"footnotes":""},"categories":[3],"tags":[14324],"class_list":["post-4761","post","type-post","status-publish","format-standard","hentry","category-allgemeine","tag-fuballspielern","et-doesnt-have-format-content","et_post_format-et-post-format-standard"],"_links":{"self":[{"href":"https:\/\/www.best-dentist-dentistry.com\/de\/wp-json\/wp\/v2\/posts\/4761","targetHints":{"allow":["GET"]}}],"collection":[{"href":"https:\/\/www.best-dentist-dentistry.com\/de\/wp-json\/wp\/v2\/posts"}],"about":[{"href":"https:\/\/www.best-dentist-dentistry.com\/de\/wp-json\/wp\/v2\/types\/post"}],"author":[{"embeddable":true,"href":"https:\/\/www.best-dentist-dentistry.com\/de\/wp-json\/wp\/v2\/users\/1"}],"replies":[{"embeddable":true,"href":"https:\/\/www.best-dentist-dentistry.com\/de\/wp-json\/wp\/v2\/comments?post=4761"}],"version-history":[{"count":0,"href":"https:\/\/www.best-dentist-dentistry.com\/de\/wp-json\/wp\/v2\/posts\/4761\/revisions"}],"wp:attachment":[{"href":"https:\/\/www.best-dentist-dentistry.com\/de\/wp-json\/wp\/v2\/media?parent=4761"}],"wp:term":[{"taxonomy":"category","embeddable":true,"href":"https:\/\/www.best-dentist-dentistry.com\/de\/wp-json\/wp\/v2\/categories?post=4761"},{"taxonomy":"post_tag","embeddable":true,"href":"https:\/\/www.best-dentist-dentistry.com\/de\/wp-json\/wp\/v2\/tags?post=4761"}],"curies":[{"name":"wp","href":"https:\/\/api.w.org\/{rel}","templated":true}]}}