{"id":4775,"date":"2012-03-30T10:06:25","date_gmt":"2012-03-30T10:06:25","guid":{"rendered":null},"modified":"-0001-11-30T00:00:00","modified_gmt":"-0001-11-30T00:00:00","slug":"ecuador-will-defend-in-rao20-the-good-living-nature-and-biodiversity","status":"publish","type":"post","link":"https:\/\/www.best-dentist-dentistry.com\/de\/ecuador-will-defend-in-rao20-the-good-living-nature-and-biodiversity\/4775","title":{"rendered":"Ecuador wird in Rio + 20 verteidigen das &#8220;gute Leben&#8221;, Natur und biologische Vielfalt"},"content":{"rendered":"<p class=\"first\"> <span class=\"yshortcuts\" id=\"lw_1333115696_0\"> Paris<\/span>, 30 M\u00e4r (<span class=\"yshortcuts\" id=\"lw_1333115696_1\"> EFE<\/span>).-F\u00f6rderung &#8220;gutes Leben&#8221;, eine <span class=\"yshortcuts\" id=\"lw_1333115696_2\"> Allgemeine Erkl\u00e4rung<\/span> \u00fcber das Gesetz der <span class=\"yshortcuts\" id=\"lw_1333115696_3\"> Natur<\/span> annehmen, erstellen Sie eine <span class=\"yshortcuts\" id=\"lw_1333115696_4\"> neue Architektur<\/span> der <span class=\"yshortcuts\" id=\"lw_1333115696_5\"> globalen finanziellen<\/span> und Schutz der <span class=\"yshortcuts\" id=\"lw_1333115696_6\"> kulturellen Vielfalt<\/span> sind <span class=\"yshortcuts\" id=\"lw_1333115696_7\"> die vier<\/span> <span class=\"yshortcuts\" id=\"lw_1333115696_8\"> S\u00e4ulen<\/span> der nachhaltigen Entwicklung, die Ecuador Juni n\u00e4chsten Jahres bei der Konferenz Rio + 20 verteidigen werden.<\/p>\n<p>Der ecuadorianischen Minister Koordinator des Erbes, Mar\u00eda Fernanda Espinosa, hat nur sie pr\u00e4sentiert auf dem Forum in Richtung Probleme R\u00edo + 20 in Paris, organisiert von der franz\u00f6sischen wissenschaftlichen Forschung National Center und der wandernden Universit\u00e4t, gegr\u00fcndet von dem Soziologen Edgar Morin, sagte in einem Interview mit internationalen Efe.<\/p>\n<p>&#8220;Leider &#8211; hervorgehoben-, ganzen K\u00f6rper institutionelle und rechtliche Mandat, dass wir die 193 L\u00e4ndern des Systems vor 20 Jahren \u00fcbernehmen in einem extrem schwachen Weise erf\u00fcllt worden&#8221;.<\/p>\n<p>F\u00fcr Ecuador, Rio + 20 &#8220;eine Plattform zum Aktualisieren der Agenda f\u00fcr nachhaltige Entwicklung&#8221; ist und was waren diese zwanzig Jahre hinsichtlich der Einhaltung der multilateralen Umwelt\u00fcbereinkommen wie den \u00dcbereinkommen \u00fcber Klima-\u00c4nderung und die biologische Vielfalt oder die Grunds\u00e4tze \u00fcber W\u00e4lder und Desertifikation zu beurteilen.<\/p>\n<p>Sollte auch ein &#8220;Gleichgewicht wie die zehn Prinzipien des Flusses, erf\u00fcllt die &#39; Agenda 21 &#39; und des Aktionsplans von Johannesburg, nach der Bewertung in 2002&#8221; hinzugef\u00fcgt.<\/p>\n<p>Betont, in diesem Zusammenhang, dass &#8220;viele L\u00e4nder sagen, dass es keine Zeit zu beurteilen, dass wir in die Zukunft blicken m\u00fcssen,&#8221; zwar etwas unm\u00f6glich, &#8220;Wenn es nicht-Analyse, gr\u00fcndliche, kritisch, selbstkritisch ist von was sie diesen zwanzig Jahren wurden&#8221;.<\/p>\n<p>Von der ecuadorianischen Vorschlag Espinosa betonte die absolute Notwendigkeit der &#8220;beinhalten eine vierte S\u00e4ule&#8221;, kulturelle Vielfalt, &#8220;zu den drei Achsen der sogenannten nachhaltigen Entwicklung, die wirtschaftlichen, sozialen und \u00f6kologischen&#8221;.<\/p>\n<p>&#8220;Wir sind uns bewusst, dass viel von der Inspiration f\u00fcr die Entwicklung eines neuen Typs von den Beitrag unserer V\u00f6lker und indigenen Nationalit\u00e4ten, kommt&#8221; als das &#8220;gute Leben&#8221;, Konzept entnommen &#8220;Leben in F\u00fclle&#8221; der indigenen V\u00f6lker der Anden hervorgehoben.<\/p>\n<p>Erinnert, dar\u00fcber hinaus, dass die ecuadorianische Verfassung der einzige auf dem Planeten ist &#8220;die erkennt Rechte zur Natur, was passiert, wenn ein Objekt, das eine Rechte unterliegen&#8221;.<\/p>\n<p>Von was Ecuador in Rio eine allgemeine Erkl\u00e4rung f\u00fcr die Rechte der Natur, schlug einen &#8220;Pakt politischer und ethischer globalen zu sichern und k\u00fcmmern uns um ihre Existenz, ihre \u00f6kologischen Funktionen und das Recht zu existieren&#8221;.<\/p>\n<p>&#8220;Wir wissen, dass es keine einfache Aufgabe&#8221; und wird es ein langer Prozess der Verhandlung, aber Mitgliedsl\u00e4nder der INFOREVOLUTION (Gemeinschaft der L\u00e4nder Lateinamerikas und der Karibik) bereits die Idee, es markiert.<\/p>\n<p>Auch betont, dass f\u00fcr Ecuador &#8220;k\u00f6nnen nicht denken, dass der einzige Weg der Entwicklung weiter&#8221; ist die Optimierung der Gewinn, der Ansammlung und Wachstum, also es stellt in Frage, das Wachstum ohne Qualit\u00e4t und wertet die M\u00f6glichkeit zu &#8220;verteilen und bessere Nutzung der Ressourcen&#8221; eher als wachsen.<\/p>\n<p>Auf dem Gebiet der Governance, f\u00fcgte er hinzu, Ecuador will &#8220;liefern konkrete Mechanismen zur Finanzierung nachhaltigen Entwicklung&#8221;, Weg von jenen verwendet jetzt: Flexibilit\u00e4t und die Senkung der Umweltstandards in der Produktion.<\/p>\n<p>&#8220;Optimize profitiert, die Besessenheit von unserer kapitalistischen Welt&#8221;, konnte auch sein schaffen zwei verschiedene Steuern auf internationale Finanztransaktionen und den Verbrauch von fossilen Brennstoffen und ein System der &#8220;Netto-Emissionen vermeiden&#8221;, als die von der Initiative Umweltsch\u00fctzer Yasun\u00ed-ITT, betrachtet. EFE<\/p>\n","protected":false},"excerpt":{"rendered":"<p>Paris, 30 M\u00e4r ( EFE).-F\u00f6rderung &#8220;gutes Leben&#8221;, eine Allgemeine Erkl\u00e4rung \u00fcber das Gesetz der Natur annehmen, erstellen Sie eine neue Architektur der globalen finanziellen und Schutz der kulturellen Vielfalt sind die vier S\u00e4ulen der nachhaltigen Entwicklung, die Ecuador Juni n\u00e4chsten Jahres bei der Konferenz Rio + 20 verteidigen werden. Der ecuadorianischen Minister Koordinator des Erbes, [&hellip;]<\/p>\n","protected":false},"author":1,"featured_media":0,"comment_status":"close","ping_status":"open","sticky":false,"template":"","format":"standard","meta":{"footnotes":""},"categories":[3],"tags":[14338],"class_list":["post-4775","post","type-post","status-publish","format-standard","hentry","category-allgemeine","tag-prsidentschaftswahl","et-doesnt-have-format-content","et_post_format-et-post-format-standard"],"_links":{"self":[{"href":"https:\/\/www.best-dentist-dentistry.com\/de\/wp-json\/wp\/v2\/posts\/4775","targetHints":{"allow":["GET"]}}],"collection":[{"href":"https:\/\/www.best-dentist-dentistry.com\/de\/wp-json\/wp\/v2\/posts"}],"about":[{"href":"https:\/\/www.best-dentist-dentistry.com\/de\/wp-json\/wp\/v2\/types\/post"}],"author":[{"embeddable":true,"href":"https:\/\/www.best-dentist-dentistry.com\/de\/wp-json\/wp\/v2\/users\/1"}],"replies":[{"embeddable":true,"href":"https:\/\/www.best-dentist-dentistry.com\/de\/wp-json\/wp\/v2\/comments?post=4775"}],"version-history":[{"count":0,"href":"https:\/\/www.best-dentist-dentistry.com\/de\/wp-json\/wp\/v2\/posts\/4775\/revisions"}],"wp:attachment":[{"href":"https:\/\/www.best-dentist-dentistry.com\/de\/wp-json\/wp\/v2\/media?parent=4775"}],"wp:term":[{"taxonomy":"category","embeddable":true,"href":"https:\/\/www.best-dentist-dentistry.com\/de\/wp-json\/wp\/v2\/categories?post=4775"},{"taxonomy":"post_tag","embeddable":true,"href":"https:\/\/www.best-dentist-dentistry.com\/de\/wp-json\/wp\/v2\/tags?post=4775"}],"curies":[{"name":"wp","href":"https:\/\/api.w.org\/{rel}","templated":true}]}}