{"id":4791,"date":"2012-03-30T18:01:15","date_gmt":"2012-03-30T18:01:15","guid":{"rendered":null},"modified":"-0001-11-30T00:00:00","modified_gmt":"-0001-11-30T00:00:00","slug":"the-departament-de-salut-castella-organizes-the-second-day-of-palliative-care","status":"publish","type":"post","link":"https:\/\/www.best-dentist-dentistry.com\/de\/the-departament-de-salut-castella-organizes-the-second-day-of-palliative-care\/4791","title":{"rendered":"Das Departament de Salut Castell\u00f3 organisiert den zweiten Tag der Palliativmedizin"},"content":{"rendered":"<p><font   size=\"2\"> <font size=\"3\"> <strong>el Departament de Salut von Castell\u00f3 organisiert den II Workshop der Palliativmedizin<\/strong><\/font> <\/p>\n<p>-Guillermo Ferran, Generaldirektor von Management und Gesundheitswesen des Ministeriums f\u00fcr Gesundheit, der Abschlussveranstaltung <\/p>\n<p>-bei grundlegenden Fragen wie der Mitteilung am Ende des Lebens, ethische Aspekte der Palliativmedizin und Fallstudien behandelt wurden <\/p>\n<p> &#8211; jedes Jahr Gesundheit dient fast 17.000 Patienten mit diesen Bed\u00fcrfnissen <\/p>\n<p> <strong>Castell\u00f3nM\u00e4rz 2012.-<\/strong> Kommission der Palliative Pflege der Abteilung Salut Castell\u00f3 hat den Tag II von palliative Care in der Abteilung, die darauf abzielt, die Bedeutung der Palliativmedizin in organisiert aus verschiedenen Gesundheit chronisch krank. <\/p>\n<p>Das Ereignis, das in der Aula der Anlage abgehalten wurde von der General Hospital von Castell\u00f3n, 3. wurde durch den Generaldirektor der Planung und dem Ministerium f\u00fcr Gesundheit, Guillermo Ferran. Gesundheitsversorgung geschlossen <\/p>\n<p>Ferr\u00e1n hat hervorgehoben, dass die Arbeit der Praktiker dieser Abteilung im Bereich der Palliativmedizin und die Bedeutung davon, dass Menschen eine h\u00f6here Lebensqualit\u00e4t in der letzten Phase seines Lebens erwerben. <\/p>\n<p>Verantwortlich f\u00fcr diesen Tag Elisa Arnau, Leiter des Referats Hause Krankenhausaufenthalt der Castelll\u00f3 Abteilung der Gesundheit, wurde das Programm von der Abteilung f\u00fcr Palliativmedizin vorgelegt hat. <\/p>\n<p>Die Teilnehmer des Symposiums konnten reflektieren  am Ende des Lebens Kommunikation &#8221;, Konferenz seitens der Psychologe der Klinik La Magdalena Gloria Saavedra. <\/p>\n<p>Auch hat das optionale des Referats Pflege palliative Krankenhaus La Magdalena, Javier Quimera, ethische Aspekte der Medizin in Palliativmedizin ausgesetzt. Wichtig in diesem Abschnitt werden angesichts der Tatsache, dass in den letzten Jahrzehnten viel dieser Medizin entwickelt hat und sehr schnell, und die Toiletten haben worden Anpassung an ihre ethischen Anforderungen. <\/p>\n<p>An diesem Tag hat es auch Fallstudien, lehrte von Krankenschwestern Verwaltung der Akten (Gemeinschaft und Krankenhaus) des Departament von Castell\u00f3 Juana Trullenque und Victoria Andreu gewidmet. Seine Arbeit konzentriert sich auf die Identifizierung und Unterst\u00fctzung F\u00e4lle Palliativmedizin. <\/p>\n<p>In der Tat in dieser Abteilung f\u00fcr sechs Jahre, Schulungen, famili\u00e4re Betreuer, angesichts der Bedeutung der Figur, die sie haben, damit der Patient eine h\u00f6here Qualit\u00e4t der Pflege hat geben und dadurch ihre Lebensqualit\u00e4t verbessern. <\/p>\n<p><strong>Umfassenden Plan f\u00fcr palliative Pflege der Comunitat<\/strong> <\/p>\n<p>Dieses Programm, in Kraft bis 2013 stellt einen quantitativen und qualitativen Sprung in umfassende, kontinuierliche und aktive Pflege von Patienten und ihren Familien und soll also am Ort versorgen, die f\u00fcr jede Person, unter Ber\u00fccksichtigung ihrer Werte und Einstellungen am bequemsten ist. <\/p>\n<p>Auch gesch\u00e4tzte Bev\u00f6lkerung anf\u00e4llig Comunitat brauchen palliative Pflege, anhand der die Sterblichkeit infolge irreversibel fortschreitende Krankheiten, w\u00e4re der 16.927 pro Jahr, von denen 60 Prozent Krebs-Patienten und 40 % nicht-onkologischer w\u00e4re. <\/p>\n<p>In Bezug auf palliative Betreuung wird angeboten in der Comunitat, dieser passt in die 24 Abteilungen der Gesundheit, wo die gegenw\u00e4rtige Organisation der Pflege Schaltkreise und Mechanismen f\u00fcr die Koordinierung in Palliativmedizin, beide core Level und Advanced Level, zwischen den Teams zur medizinischen Grundversorgung strukturiert sind, Krankenhaus Heimger\u00e4te (UHDTV) und Aufmerksamkeit zu chronischen und langen Aufenthalt Krankenh\u00e4user. <\/p>\n<p>F\u00fcr Patienten mit Anforderungen der erweiterten Hospiz Krankenhaus eintritt, la Comunitat 5 Pflege Krankenh\u00e4user Cr\u00f3nicos und lange bleiben (HACLE), sind die von La Magdalena in Castell\u00f3n, Doctor Moliner und Pare Jofr\u00e9 in Valencia und La Pedrera und San Vicente del Raspeig, Alicante, haben komplette interdisziplin\u00e4re Teams f\u00fcr ihre umfassende Betreuung zur Verf\u00fcgung. <br \/><\/font><\/p>\n","protected":false},"excerpt":{"rendered":"<p>el Departament de Salut von Castell\u00f3 organisiert den II Workshop der Palliativmedizin -Guillermo Ferran, Generaldirektor von Management und Gesundheitswesen des Ministeriums f\u00fcr Gesundheit, der Abschlussveranstaltung -bei grundlegenden Fragen wie der Mitteilung am Ende des Lebens, ethische Aspekte der Palliativmedizin und Fallstudien behandelt wurden &#8211; jedes Jahr Gesundheit dient fast 17.000 Patienten mit diesen Bed\u00fcrfnissen Castell\u00f3nM\u00e4rz [&hellip;]<\/p>\n","protected":false},"author":1,"featured_media":0,"comment_status":"close","ping_status":"open","sticky":false,"template":"","format":"standard","meta":{"footnotes":""},"categories":[3],"tags":[14376,14375],"class_list":["post-4791","post","type-post","status-publish","format-standard","hentry","category-allgemeine","tag-departament","tag-erforderlich","et-doesnt-have-format-content","et_post_format-et-post-format-standard"],"_links":{"self":[{"href":"https:\/\/www.best-dentist-dentistry.com\/de\/wp-json\/wp\/v2\/posts\/4791","targetHints":{"allow":["GET"]}}],"collection":[{"href":"https:\/\/www.best-dentist-dentistry.com\/de\/wp-json\/wp\/v2\/posts"}],"about":[{"href":"https:\/\/www.best-dentist-dentistry.com\/de\/wp-json\/wp\/v2\/types\/post"}],"author":[{"embeddable":true,"href":"https:\/\/www.best-dentist-dentistry.com\/de\/wp-json\/wp\/v2\/users\/1"}],"replies":[{"embeddable":true,"href":"https:\/\/www.best-dentist-dentistry.com\/de\/wp-json\/wp\/v2\/comments?post=4791"}],"version-history":[{"count":0,"href":"https:\/\/www.best-dentist-dentistry.com\/de\/wp-json\/wp\/v2\/posts\/4791\/revisions"}],"wp:attachment":[{"href":"https:\/\/www.best-dentist-dentistry.com\/de\/wp-json\/wp\/v2\/media?parent=4791"}],"wp:term":[{"taxonomy":"category","embeddable":true,"href":"https:\/\/www.best-dentist-dentistry.com\/de\/wp-json\/wp\/v2\/categories?post=4791"},{"taxonomy":"post_tag","embeddable":true,"href":"https:\/\/www.best-dentist-dentistry.com\/de\/wp-json\/wp\/v2\/tags?post=4791"}],"curies":[{"name":"wp","href":"https:\/\/api.w.org\/{rel}","templated":true}]}}