{"id":4880,"date":"2012-04-03T02:40:24","date_gmt":"2012-04-03T02:40:24","guid":{"rendered":null},"modified":"-0001-11-30T00:00:00","modified_gmt":"-0001-11-30T00:00:00","slug":"teresa-martanez-introduced-the-gerontology-care-person-centered-in-andalusia","status":"publish","type":"post","link":"https:\/\/www.best-dentist-dentistry.com\/de\/teresa-martanez-introduced-the-gerontology-care-person-centered-in-andalusia\/4880","title":{"rendered":"Teresa Mart\u00ednez eingef\u00fchrt, die &#8220;Gerontologie Pflege Person zentriert&#8221; in Andalusien."},"content":{"rendered":"<p><strong>Teresa Mart\u00ednez eingef\u00fchrt in Andalusien &#8220;Person-zentrierten Gerontologie Sorgfalt&#8221;. <\/p>\n<p><\/strong><font   size=\"2\"> <strong>Tag Lares Andalusien. <br \/><\/strong> <br \/><strong>Sevilla, April 2012.-<\/strong> Ein Jahr mehr, Andalusien Lares, organisierte er der Trainings-Tag 2012 in diesem Jahr mit gro\u00dfer Begeisterung konfrontiert Ihre Feier unter dem Titel &#8220;Die Person-zentrierte Gerontologie-Pflege&#8221;. Es fand am 27. M\u00e4rz in Sevilla, in der Casa-Provinz der T\u00f6chter der Barmherzigkeit (Calle Real De La Jara, 2-A). <\/p>\n<p>Au\u00dferdem gab es ein runder Tisch zur Qualit\u00e4t und ein Panel \u00fcber Erfahrungen am aktives Altern und Solidarit\u00e4t zwischen den Generationen Interventionen. <\/p>\n<p>Ein Tag des unbestrittenen Interesses, gerichtet an alle Fachleute der Zentren und Pflegedienste f\u00fcr \u00e4ltere Menschen (Direktoren, \u00c4rzte, Krankenschwestern, Sozialarbeiter, Psychologen, Physiotherapeuten, Mitarbeiter, Personal und Ergotherapeuten Dienstleistungen &#8230;). <\/p>\n<p>Der anerkannte Experte eingeladen, das Plenum Pr\u00e4sentation des Tages, ist der Autor der innovativen Gerontologie Pflege Anleitung konzentriert sich auf die Person, Publikation, die ein Referenz-Handbuch zur Implementierung des Modells in Zentren und Altenpflege Dienstleistungen. <\/p>\n<p>Der Autor aus seiner Rede stellte zum ersten Mal in Andalusien, die wichtigsten Inhalte der materiellen Erneuerer der Arbeit, landet in der Praxis und die dar\u00fcber nachgedacht hat, in H\u00e4usern, Tagesst\u00e4tten und Haushaltshilfe Dienstleistungen anzuwenden. Die konzeptionellen Elemente und methodische Alternativen voraus Pflege orientiert hinsichtlich der das Leben der Menschen und ihrer Rechte erm\u00f6glichen. <\/p>\n<p>Sie sind zentrale Werte des Modells, die Achtung der w\u00fcrde des einzelnen als einzigartige, ihre Rechte, Pr\u00e4ferenzen und die Suche f\u00fcr pers\u00f6nliches Wohlbefinden, selbst in F\u00e4llen, wo es ein hohes Ma\u00df an kognitiver Beeintr\u00e4chtigung. <\/p>\n<p>Jedoch die Anwendung dieser Grunds\u00e4tze in die t\u00e4glichen Dienstleistungen und Zentren, manchmal unterliegen zahlreichen Unternehmensstandards, Arbeitsbedingungen und Pflege Routinen, oft bleiben ausstehende oder erhebliche Schwierigkeiten auftreten. Dies erfordert, Sensibilisierung und Schulung, sowie neue Berufsrollen entwickeln, \u00fcberpr\u00fcfen einige organisatorische Systeme und entwerfen Interventionen konsistent mit diesem neuen Look. <\/p>\n<p>Die innovative Ver\u00f6ffentlichung hatte einen gro\u00dfen Einfluss in der Branche. Universit\u00e4ten, Stiftungen, Beh\u00f6rden, \u00f6ffentlichen und privaten f\u00fchren Ausbildung unter der Regie von Autor, Studenten, F\u00fchrungskr\u00e4fte und Fachleute in direkte Pflege auf der Grundlage von seine innovative Methode der Umsetzung. Seine au\u00dfergew\u00f6hnliche Host, bemerkte auch durch seine exponentielle Projektion, wird empfohlen, von vielen spezialisierten Medien, Hochschulen und Berufsverb\u00e4nden, Spanien und Lateinamerika, viele von ihnen ihren Zugang aktivieren und download in digitaler Form. <\/p>\n<p>Teresa Mart\u00ednez, ist ein renommierter Psychologe Experte f\u00fcr soziale Gerontologie, die unter seinem G\u00fcrtel Berufserfahrung in Intervention und bei der Planung der Sozialpolitik, Lehre und Beratung in Spanien und Lateinamerika verbindet. Sie ist Autorin von verschiedenen Publikationen und wissenschaftlichen Artikeln im Bereich soziale Gerontologie und Behinderung. <\/p>\n<p>Unter ihnen bearbeitet sein letzte Werk, aus der Auflistung der sozialen Gerontologie der spanischen Gesellschaft f\u00fcr Geriatrie und Gerontologie (SEGG) (Januar 2012) von der redaktionellen M\u00e9dica Panamericana.  Ged\u00e4chtnis trainieren und intervenieren in Erinnerungen &#8221; <\/p>\n<p><\/font><\/p>\n","protected":false},"excerpt":{"rendered":"<p>Teresa Mart\u00ednez eingef\u00fchrt in Andalusien &#8220;Person-zentrierten Gerontologie Sorgfalt&#8221;. Tag Lares Andalusien. Sevilla, April 2012.- Ein Jahr mehr, Andalusien Lares, organisierte er der Trainings-Tag 2012 in diesem Jahr mit gro\u00dfer Begeisterung konfrontiert Ihre Feier unter dem Titel &#8220;Die Person-zentrierte Gerontologie-Pflege&#8221;. Es fand am 27. M\u00e4rz in Sevilla, in der Casa-Provinz der T\u00f6chter der Barmherzigkeit (Calle Real [&hellip;]<\/p>\n","protected":false},"author":1,"featured_media":0,"comment_status":"close","ping_status":"open","sticky":false,"template":"","format":"standard","meta":{"footnotes":""},"categories":[3],"tags":[14501,14500],"class_list":["post-4880","post","type-post","status-publish","format-standard","hentry","category-allgemeine","tag-andalusien","tag-muprespa","et-doesnt-have-format-content","et_post_format-et-post-format-standard"],"_links":{"self":[{"href":"https:\/\/www.best-dentist-dentistry.com\/de\/wp-json\/wp\/v2\/posts\/4880","targetHints":{"allow":["GET"]}}],"collection":[{"href":"https:\/\/www.best-dentist-dentistry.com\/de\/wp-json\/wp\/v2\/posts"}],"about":[{"href":"https:\/\/www.best-dentist-dentistry.com\/de\/wp-json\/wp\/v2\/types\/post"}],"author":[{"embeddable":true,"href":"https:\/\/www.best-dentist-dentistry.com\/de\/wp-json\/wp\/v2\/users\/1"}],"replies":[{"embeddable":true,"href":"https:\/\/www.best-dentist-dentistry.com\/de\/wp-json\/wp\/v2\/comments?post=4880"}],"version-history":[{"count":0,"href":"https:\/\/www.best-dentist-dentistry.com\/de\/wp-json\/wp\/v2\/posts\/4880\/revisions"}],"wp:attachment":[{"href":"https:\/\/www.best-dentist-dentistry.com\/de\/wp-json\/wp\/v2\/media?parent=4880"}],"wp:term":[{"taxonomy":"category","embeddable":true,"href":"https:\/\/www.best-dentist-dentistry.com\/de\/wp-json\/wp\/v2\/categories?post=4880"},{"taxonomy":"post_tag","embeddable":true,"href":"https:\/\/www.best-dentist-dentistry.com\/de\/wp-json\/wp\/v2\/tags?post=4880"}],"curies":[{"name":"wp","href":"https:\/\/api.w.org\/{rel}","templated":true}]}}