{"id":4947,"date":"2012-04-05T02:17:25","date_gmt":"2012-04-05T02:17:25","guid":{"rendered":null},"modified":"-0001-11-30T00:00:00","modified_gmt":"-0001-11-30T00:00:00","slug":"satse-linked-the-closure-of-three-plants-in-the-clinical-hospital-of-valladolid-easter-cuts","status":"publish","type":"post","link":"https:\/\/www.best-dentist-dentistry.com\/de\/satse-linked-the-closure-of-three-plants-in-the-clinical-hospital-of-valladolid-easter-cuts\/4947","title":{"rendered":"Satse verkn\u00fcpft die Schlie\u00dfung von drei Pflanzen in der klinischen Krankenhaus von Valladolid Ostern Schnitte"},"content":{"rendered":"<p class=\"first\"> <span class=\"yshortcuts\" id=\"lw_1333551705_0\"> VALLADOLID<\/span>, 4 (<span class=\"yshortcuts\" id=\"lw_1333551705_1\"> EUROPA PRESS<\/span>)<\/p>\n<p><span class=\"yshortcuts\" id=\"lw_1333551705_2\"> der Union<\/span> <span class=\"yshortcuts\" id=\"lw_1333551705_3\"> Krankenpflege<\/span> Satse hat am Mittwoch davor gewarnt, drei Etagen der Hospital Cl\u00ednico de Valladolid werden w\u00e4hrend der Heiligen Woche, eine Tatsache zur\u00fcckzuf\u00fchren auf die &#8220;Schnitte&#8221;, die Auswirkungen auf die Gesundheit-Obacht in der Gemeinschaft geschlossen werden.<\/p>\n<p>Insbesondere laut Satse hat in einer Erkl\u00e4rung, die von Europa Press, vom 31. M\u00e4rz abgeholt erkl\u00e4rt und bleiben geschlossen bis zum 8. April das Werk S\u00fcd 3. (Allgemeine Chirurgie), Norden (Traumatologie) 5th und Reanimation chirurgische.<\/p>\n<p>&#8220;Diese Situation der Pflanze in Krankenh\u00e4usern in Ostern Verschl\u00fcsse hat nicht Pr\u00e4zedenzf\u00e4lle in Kastilien und Le\u00f3n es bis jetzt noch nie in dieser Zeit des Jahres schlie\u00dfen Einheiten gewesen, obwohl ja Verschl\u00fcsse in diesem Krankenhaus aus Valladolid w\u00e4hrend der Br\u00fccke der Verfassung und in den letzten Weihnachten aufgetreten ist&#8221;, erw\u00e4hnt die Quellen.<\/p>\n<p>Auch, mehrere Pflanzen und Einheiten in den letzten Weihnachtsferien, &#8220;etwas, das nicht vor dem geschehen war, in dieser Zeit des Jahres&#8221;, in das Hospital Universitario R\u00edo Hortega von Valladolid geschlossen der Union zufolge erw\u00e4hnte auch, dass w\u00e4hrend der Heiligen Woche acht Betten in der Gyn\u00e4kologie des Krankenhauses Comarcal de Medina del Campo entfallen.<\/p>\n<p>&#8220;Diese Verschl\u00fcsse tun ja sichtbar Schnitte nehmen Platz im regionalen Gesundheitswesen, Steuersenkungen, die die Gesundheitsministerin, Antonio Mar\u00eda S\u00e1ez Aguado, unbekannte und verweigert \u00fcber und \u00fcber wieder,&#8221; sagt er.<\/p>\n<p>Kritisierte auch, dass nicht vor, die Vertreter der Arbeitnehmer auf diese Schlie\u00dfungen informiert wird, obwohl ja den \u00dcberwachern von Krankenschwestern und Mittelmanagern &#8220;, dass von nun an weniger Austausch von Personal es wird und, dass nur 30 Prozent der Gesamtbelegschaft der Krankenpflege zu fangen Urlaub zur gleichen Zeit ist&#8221; kommuniziert hat.<\/p>\n","protected":false},"excerpt":{"rendered":"<p>VALLADOLID, 4 ( EUROPA PRESS) der Union Krankenpflege Satse hat am Mittwoch davor gewarnt, drei Etagen der Hospital Cl\u00ednico de Valladolid werden w\u00e4hrend der Heiligen Woche, eine Tatsache zur\u00fcckzuf\u00fchren auf die &#8220;Schnitte&#8221;, die Auswirkungen auf die Gesundheit-Obacht in der Gemeinschaft geschlossen werden. Insbesondere laut Satse hat in einer Erkl\u00e4rung, die von Europa Press, vom 31. [&hellip;]<\/p>\n","protected":false},"author":1,"featured_media":0,"comment_status":"close","ping_status":"open","sticky":false,"template":"","format":"standard","meta":{"footnotes":""},"categories":[3],"tags":[14606,14607],"class_list":["post-4947","post","type-post","status-publish","format-standard","hentry","category-allgemeine","tag-einzelnen","tag-ostern-schnitte","et-doesnt-have-format-content","et_post_format-et-post-format-standard"],"_links":{"self":[{"href":"https:\/\/www.best-dentist-dentistry.com\/de\/wp-json\/wp\/v2\/posts\/4947","targetHints":{"allow":["GET"]}}],"collection":[{"href":"https:\/\/www.best-dentist-dentistry.com\/de\/wp-json\/wp\/v2\/posts"}],"about":[{"href":"https:\/\/www.best-dentist-dentistry.com\/de\/wp-json\/wp\/v2\/types\/post"}],"author":[{"embeddable":true,"href":"https:\/\/www.best-dentist-dentistry.com\/de\/wp-json\/wp\/v2\/users\/1"}],"replies":[{"embeddable":true,"href":"https:\/\/www.best-dentist-dentistry.com\/de\/wp-json\/wp\/v2\/comments?post=4947"}],"version-history":[{"count":0,"href":"https:\/\/www.best-dentist-dentistry.com\/de\/wp-json\/wp\/v2\/posts\/4947\/revisions"}],"wp:attachment":[{"href":"https:\/\/www.best-dentist-dentistry.com\/de\/wp-json\/wp\/v2\/media?parent=4947"}],"wp:term":[{"taxonomy":"category","embeddable":true,"href":"https:\/\/www.best-dentist-dentistry.com\/de\/wp-json\/wp\/v2\/categories?post=4947"},{"taxonomy":"post_tag","embeddable":true,"href":"https:\/\/www.best-dentist-dentistry.com\/de\/wp-json\/wp\/v2\/tags?post=4947"}],"curies":[{"name":"wp","href":"https:\/\/api.w.org\/{rel}","templated":true}]}}