{"id":4997,"date":"2012-04-07T02:27:44","date_gmt":"2012-04-07T02:27:44","guid":{"rendered":null},"modified":"-0001-11-30T00:00:00","modified_gmt":"-0001-11-30T00:00:00","slug":"today-the-world-health-day-is-celebrated","status":"publish","type":"post","link":"https:\/\/www.best-dentist-dentistry.com\/de\/today-the-world-health-day-is-celebrated\/4997","title":{"rendered":"Heute ist die Welt Gesundheit Tag gefeiert"},"content":{"rendered":"<p class=\"first\"> <span class=\"yshortcuts\" id=\"lw_1333778531_0\"> Madrid<\/span>, 7 <span class=\"yshortcuts\" id=\"lw_1333778531_1\"> APR<\/span> (<span class=\"yshortcuts\" id=\"lw_1333778531_2\"> EFE<\/span>).-der <span class=\"yshortcuts\" id=\"lw_1333778531_3\"> Weltgesundheitstag<\/span> wird heute unter dem Motto &#8220;guter Gesundheit hinzuf\u00fcgen Leben auf die Jahre&#8221; gefeiert und widmet zu altern, sondern auch die Lebensqualit\u00e4t, die sich r\u00fchmen k\u00f6nnen, mehr als die H\u00e4lfte der acht Millionen Spanier, die 65 \u00fcberschritten haben.<\/p>\n<p>Das durchschnittliche Alter der Spanier lag bei 41,1 Jahre im Jahr 2010, w\u00e4hrend die Lebenserwartung bei der Geburt stieg auf 81,9 Jahren Daten zeigen eine allm\u00e4hliche \u00dcberalterung der Bev\u00f6lkerung.<\/p>\n","protected":false},"excerpt":{"rendered":"<p>Madrid, 7 APR ( EFE).-der Weltgesundheitstag wird heute unter dem Motto &#8220;guter Gesundheit hinzuf\u00fcgen Leben auf die Jahre&#8221; gefeiert und widmet zu altern, sondern auch die Lebensqualit\u00e4t, die sich r\u00fchmen k\u00f6nnen, mehr als die H\u00e4lfte der acht Millionen Spanier, die 65 \u00fcberschritten haben. Das durchschnittliche Alter der Spanier lag bei 41,1 Jahre im Jahr 2010, [&hellip;]<\/p>\n","protected":false},"author":1,"featured_media":0,"comment_status":"close","ping_status":"open","sticky":false,"template":"","format":"standard","meta":{"footnotes":""},"categories":[3],"tags":[14673,14674],"class_list":["post-4997","post","type-post","status-publish","format-standard","hentry","category-allgemeine","tag-aufgehoben","tag-welt-gesundheit-tag","et-doesnt-have-format-content","et_post_format-et-post-format-standard"],"_links":{"self":[{"href":"https:\/\/www.best-dentist-dentistry.com\/de\/wp-json\/wp\/v2\/posts\/4997","targetHints":{"allow":["GET"]}}],"collection":[{"href":"https:\/\/www.best-dentist-dentistry.com\/de\/wp-json\/wp\/v2\/posts"}],"about":[{"href":"https:\/\/www.best-dentist-dentistry.com\/de\/wp-json\/wp\/v2\/types\/post"}],"author":[{"embeddable":true,"href":"https:\/\/www.best-dentist-dentistry.com\/de\/wp-json\/wp\/v2\/users\/1"}],"replies":[{"embeddable":true,"href":"https:\/\/www.best-dentist-dentistry.com\/de\/wp-json\/wp\/v2\/comments?post=4997"}],"version-history":[{"count":0,"href":"https:\/\/www.best-dentist-dentistry.com\/de\/wp-json\/wp\/v2\/posts\/4997\/revisions"}],"wp:attachment":[{"href":"https:\/\/www.best-dentist-dentistry.com\/de\/wp-json\/wp\/v2\/media?parent=4997"}],"wp:term":[{"taxonomy":"category","embeddable":true,"href":"https:\/\/www.best-dentist-dentistry.com\/de\/wp-json\/wp\/v2\/categories?post=4997"},{"taxonomy":"post_tag","embeddable":true,"href":"https:\/\/www.best-dentist-dentistry.com\/de\/wp-json\/wp\/v2\/tags?post=4997"}],"curies":[{"name":"wp","href":"https:\/\/api.w.org\/{rel}","templated":true}]}}