{"id":5025,"date":"2012-04-09T02:27:20","date_gmt":"2012-04-09T02:27:20","guid":{"rendered":null},"modified":"-0001-11-30T00:00:00","modified_gmt":"-0001-11-30T00:00:00","slug":"venezuelas-chavez-raises-minimum-wage-part-to-cuba","status":"publish","type":"post","link":"https:\/\/www.best-dentist-dentistry.com\/de\/venezuelas-chavez-raises-minimum-wage-part-to-cuba\/5025","title":{"rendered":"Venezuelas Chavez l\u00f6st Mindestlohn, Teil nach Kuba"},"content":{"rendered":"<p class=\"first\"> CARACAS (Reuters) &#8211; venezolanischen Pr\u00e4sidenten Hugo Chavez ausgel\u00f6st, Samstag den Mindestlohn in 32,25 %, sechs Monate nach der Pr\u00e4sidentschaftswahlen in der f\u00fcr eine neue KL wiedergew\u00e4hlt werden soll<\/p>\n<p>Die milit\u00e4rischen ehemaliger 57 Jahre alten k\u00fcndigte die Erh\u00f6hung Momente vor der Reise nach Kuba f\u00fcr den dritten Studienzyklus der Strahlentherapie Krebs leiden erhalten und wodurch Zweifel seine k\u00f6rperliche F\u00e4higkeit, den Wahlkampf gegen den 7. Oktober Wahlen konfrontieren.<\/p>\n<p>&#8220;W\u00fcrde gerne eine Ank\u00fcndigung vor der Abreise (&#8230;)&#8221; f\u00fcr Kuba. &#8220;Von 1 kann tun wird ein Anstieg der Gesamt 32,25 Prozent des Mindestlohns werden&#8221;, sagte Chavez in einem Treffen mit Minister in Kette von Radio und Fernsehen.<\/p>\n<p>Der Herrscher erkl\u00e4rt, dass es 15 Prozent zum 1. Mai und 15 Prozent zus\u00e4tzliche wirksame 1. September erh\u00f6hen wird.<\/p>\n<p>&#8220;Einer sagte 30 Prozent, aber tats\u00e4chlich geben 32,25 Prozent Netto erh\u00f6hen,&#8221; f\u00fcgte er hinzu.<\/p>\n<p>Der Anstieg ist f\u00fcr dieses Jahr, die zwischen 20 und 22 Prozent h\u00f6her als das Inflationsziel.<\/p>\n<p>Nach der Ank\u00fcndigung der Vertreter unternahm eine Reise nach Kuba, die drei Operationen unterzogen hat, da das war entdeckt im Juni letzten Jahres ein Krebsgeschw\u00fcr der Gr\u00f6\u00dfe eines Fu\u00dfballs im Beckenbereich.<\/p>\n<p>Am Donnerstag in einer Eucharistie f\u00fcr seine Gesundheit, Chavez bat Jesus um ihn zu leben und weinte.<\/p>\n<p>(Herausgegeben von Patricio Abusleme)<\/p>\n","protected":false},"excerpt":{"rendered":"<p>CARACAS (Reuters) &#8211; venezolanischen Pr\u00e4sidenten Hugo Chavez ausgel\u00f6st, Samstag den Mindestlohn in 32,25 %, sechs Monate nach der Pr\u00e4sidentschaftswahlen in der f\u00fcr eine neue KL wiedergew\u00e4hlt werden soll Die milit\u00e4rischen ehemaliger 57 Jahre alten k\u00fcndigte die Erh\u00f6hung Momente vor der Reise nach Kuba f\u00fcr den dritten Studienzyklus der Strahlentherapie Krebs leiden erhalten und wodurch Zweifel [&hellip;]<\/p>\n","protected":false},"author":1,"featured_media":0,"comment_status":"close","ping_status":"open","sticky":false,"template":"","format":"standard","meta":{"footnotes":""},"categories":[3],"tags":[14722,14721],"class_list":["post-5025","post","type-post","status-publish","format-standard","hentry","category-allgemeine","tag-mindestlohn","tag-promissor","et-doesnt-have-format-content","et_post_format-et-post-format-standard"],"_links":{"self":[{"href":"https:\/\/www.best-dentist-dentistry.com\/de\/wp-json\/wp\/v2\/posts\/5025","targetHints":{"allow":["GET"]}}],"collection":[{"href":"https:\/\/www.best-dentist-dentistry.com\/de\/wp-json\/wp\/v2\/posts"}],"about":[{"href":"https:\/\/www.best-dentist-dentistry.com\/de\/wp-json\/wp\/v2\/types\/post"}],"author":[{"embeddable":true,"href":"https:\/\/www.best-dentist-dentistry.com\/de\/wp-json\/wp\/v2\/users\/1"}],"replies":[{"embeddable":true,"href":"https:\/\/www.best-dentist-dentistry.com\/de\/wp-json\/wp\/v2\/comments?post=5025"}],"version-history":[{"count":0,"href":"https:\/\/www.best-dentist-dentistry.com\/de\/wp-json\/wp\/v2\/posts\/5025\/revisions"}],"wp:attachment":[{"href":"https:\/\/www.best-dentist-dentistry.com\/de\/wp-json\/wp\/v2\/media?parent=5025"}],"wp:term":[{"taxonomy":"category","embeddable":true,"href":"https:\/\/www.best-dentist-dentistry.com\/de\/wp-json\/wp\/v2\/categories?post=5025"},{"taxonomy":"post_tag","embeddable":true,"href":"https:\/\/www.best-dentist-dentistry.com\/de\/wp-json\/wp\/v2\/tags?post=5025"}],"curies":[{"name":"wp","href":"https:\/\/api.w.org\/{rel}","templated":true}]}}