{"id":5036,"date":"2012-04-09T02:28:06","date_gmt":"2012-04-09T02:28:06","guid":{"rendered":null},"modified":"-0001-11-30T00:00:00","modified_gmt":"-0001-11-30T00:00:00","slug":"ana-mato-guarantees-that-the-health-will-remain-free-but-says-that-reforms-will-require","status":"publish","type":"post","link":"https:\/\/www.best-dentist-dentistry.com\/de\/ana-mato-guarantees-that-the-health-will-remain-free-but-says-that-reforms-will-require\/5036","title":{"rendered":"Ana Mato garantiert, dass &#8220;die Gesundheit frei bleiben wird&#8221;, aber sagt, dass &#8220;Reformen erfordern werden&#8221;"},"content":{"rendered":"<p class=\"first\"> <span class=\"yshortcuts\" id=\"lw_1333878742_0\"> Madrid<\/span>, 8 <span class=\"yshortcuts\" id=\"lw_1333878742_1\"> APR<\/span> (<span class=\"yshortcuts\" id=\"lw_1333878742_2\"> EFE<\/span>).-der <span class=\"yshortcuts\" id=\"lw_1333878742_3\"> Minister<\/span> f\u00fcr <span class=\"yshortcuts\" id=\"lw_1333878742_4\"> Gesundheit<\/span>, <span class=\"yshortcuts\" id=\"lw_1333878742_5\"> Soziales<\/span> und <span class=\"yshortcuts\" id=\"lw_1333878742_6\"> Gleichstellung<\/span>, <span class=\"yshortcuts\" id=\"lw_1333878742_7\"> Ana Mato<\/span>, hat versichert, dass es f\u00fcr eine &#8220;freie und Qualit\u00e4t&#8221; Gesundheit sorgt, aber davor gewarnt hat, sie brauchen <span class=\"yshortcuts\" id=\"lw_1333878742_8\"> Reformen<\/span> des Gesundheitssystems haben wir &#8220;das ist gro\u00dfartig,&#8221;, ist auch &#8220;machbar&#8221;.<\/p>\n<p>So stimmten den Minister in einem Interview mit der Zeitung &#8220;La Raz\u00f3n&#8221;, die \u00fcber die Ank\u00fcndigung des Ministers der Wirtschaft, Luis Guindos, in einem Interview mit der t\u00e4glichen Frankfurter Allgemeine, gebeten wird, dass die anstehenden Reformen die \u00d6ffentlichkeit, insbesondere auf die Gesundheit und Ausbildung Dienstleistungen beeinflussen.<\/p>\n<p>&#8220;Ich w\u00fcrde die Situation unseres Gesundheitssystems von absolut unhaltbare definieren.&#8221; &#8220;Reformen sind notwendig&#8221;, Mato, wer seinen Vorschlag f\u00fcr ein Pakt des staatlichen Gesundheits- und Sozialpolitik betont hat, so dass Sie k\u00f6nnen &#8220;Ausgaben zu rationalisieren, Verbesserung der Systeme und Doppelarbeit durch eine grundlegende Leistungsportfolio entfernen&#8221; bestanden hat.<\/p>\n<p>&#8220;D. h. W\u00e4hlen Sie einige grundlegende Dienste f\u00fcr die B\u00fcrger, die sich zwangsweise in allen autonomen Gemeinschaften gleicherma\u00dfen behandelt werden&#8221;, erkl\u00e4rt Mato, dennoch wurde davon \u00fcberzeugt, dass das autonome System &#8220;es funktioniert&#8221;, sondern &#8220;nicht werden auf Basis nicht gehalten kann zu bezahlen&#8221;. &#8220;Es ist nicht praktikabel,&#8221; wies er darauf hin.<\/p>\n<p>Der Minister betonte, dass &#8220;Diese Regierung aufs Konten zu NULL mit der Auszahlung von Lieferanten wieder anfangen zu setzen gemacht hat&#8221; und das ist, was sie zu gew\u00e4hrleisten: ein &#8220;free &amp; Qualit\u00e4t&#8221; Gesundheit.<\/p>\n<p>Verantwortlich f\u00fcr Gesundheit Mato bestritten hat, dass wird es &#8220;Medicamentazo&#8221;, d. h., dass sie nicht zahlen Arzneimittel durch die Tatsache, dass sie billig sind, aber ja es darauf, dass es hingewiesen hat stoppen wird der Valdem\u00e9cum durch Medikamente, die \u00fcberholt gewesen modernisieren.<\/p>\n<p>Und \u00fcber den katalanischen Euro von Rezept, angegeben, die bereits erf\u00fcllt mit der katalanischen Stadtrat f\u00fcr &#8220;zwischen allen&#8221; verabschieden Reformen um sicherzustellen, dass die katalanische B\u00fcrger keinen zus\u00e4tzlichen Geb\u00fchren Gesundheit leisten.<\/p>\n","protected":false},"excerpt":{"rendered":"<p>Madrid, 8 APR ( EFE).-der Minister f\u00fcr Gesundheit, Soziales und Gleichstellung, Ana Mato, hat versichert, dass es f\u00fcr eine &#8220;freie und Qualit\u00e4t&#8221; Gesundheit sorgt, aber davor gewarnt hat, sie brauchen Reformen des Gesundheitssystems haben wir &#8220;das ist gro\u00dfartig,&#8221;, ist auch &#8220;machbar&#8221;. So stimmten den Minister in einem Interview mit der Zeitung &#8220;La Raz\u00f3n&#8221;, die \u00fcber [&hellip;]<\/p>\n","protected":false},"author":1,"featured_media":0,"comment_status":"close","ping_status":"open","sticky":false,"template":"","format":"standard","meta":{"footnotes":""},"categories":[3],"tags":[14733,14732],"class_list":["post-5036","post","type-post","status-publish","format-standard","hentry","category-allgemeine","tag-eformen","tag-einstellungen","et-doesnt-have-format-content","et_post_format-et-post-format-standard"],"_links":{"self":[{"href":"https:\/\/www.best-dentist-dentistry.com\/de\/wp-json\/wp\/v2\/posts\/5036","targetHints":{"allow":["GET"]}}],"collection":[{"href":"https:\/\/www.best-dentist-dentistry.com\/de\/wp-json\/wp\/v2\/posts"}],"about":[{"href":"https:\/\/www.best-dentist-dentistry.com\/de\/wp-json\/wp\/v2\/types\/post"}],"author":[{"embeddable":true,"href":"https:\/\/www.best-dentist-dentistry.com\/de\/wp-json\/wp\/v2\/users\/1"}],"replies":[{"embeddable":true,"href":"https:\/\/www.best-dentist-dentistry.com\/de\/wp-json\/wp\/v2\/comments?post=5036"}],"version-history":[{"count":0,"href":"https:\/\/www.best-dentist-dentistry.com\/de\/wp-json\/wp\/v2\/posts\/5036\/revisions"}],"wp:attachment":[{"href":"https:\/\/www.best-dentist-dentistry.com\/de\/wp-json\/wp\/v2\/media?parent=5036"}],"wp:term":[{"taxonomy":"category","embeddable":true,"href":"https:\/\/www.best-dentist-dentistry.com\/de\/wp-json\/wp\/v2\/categories?post=5036"},{"taxonomy":"post_tag","embeddable":true,"href":"https:\/\/www.best-dentist-dentistry.com\/de\/wp-json\/wp\/v2\/tags?post=5036"}],"curies":[{"name":"wp","href":"https:\/\/api.w.org\/{rel}","templated":true}]}}