{"id":5050,"date":"2012-04-09T03:30:08","date_gmt":"2012-04-09T03:30:08","guid":{"rendered":null},"modified":"-0001-11-30T00:00:00","modified_gmt":"-0001-11-30T00:00:00","slug":"semergen-and-esteve-create-a-chronicity-chair-together-with-the-catholic-university-of-valencia","status":"publish","type":"post","link":"https:\/\/www.best-dentist-dentistry.com\/de\/semergen-and-esteve-create-a-chronicity-chair-together-with-the-catholic-university-of-valencia\/5050","title":{"rendered":"SEMERGEN und ESTEVE Erstellen einer Chronizit\u00e4t Stuhl zusammen mit der katholischen Universit\u00e4t von Valencia"},"content":{"rendered":"<p><font   size=\"2\"> <font size=\"3\"> <strong>SEMERGEN und ESTEVE Erstellen einer Chronizit\u00e4t Stuhl zusammen mit der katholischen Universit\u00e4t von Valencia<\/strong><\/font> <\/p>\n<p>-Eines der wesentlichen Ziele der Stuhl neben den Bildungs- und Ausbildungsma\u00dfnahmen ist die F\u00f6rderung Forschung integriert Pathologie Chronicles. <\/p>\n<p>-Herzinsuffizienz und chronischer Nierenerkrankung sind, zun\u00e4chst, die Hauptachsen auf dem Drehen der Lehre und Forschung arbeiten. <\/p>\n<p><strong>Valencia, April 2012.-<\/strong> Die spanische Gesellschaft der \u00c4rzte in der Grundversorgung (SEMERGEN), in Zusammenarbeit mit ESTEVE, hat das Abkommen f\u00fcr die Schaffung der SEMERGEN-ESTEVE-Stuhl der Chronizit\u00e4t, zusammen mit der katholischen Universit\u00e4t von Valencia San Vicente M\u00e1rtir (UCV) unterzeichnet. Laut Jos\u00e9 Luis Llisterri, Vorsitzender des SEMERGEN und Direktor des Lehrstuhls  die Unterzeichnung dieses Abkommens bedeutet einen wichtigen Ansatz der Universit\u00e4t, die die Forschung aus der Perspektive der Familie Medizin an der Fakult\u00e4t f\u00fcr Medizin aufl\u00e4dt &#8221;. Das Gesetz hat unter dem Vorsitz von Minister f\u00fcr Gesundheit, Luis Rosado, und Jos\u00e9 Alfredo Peris, Rektor der UCV. <\/p>\n<p>SEMERGEN Pr\u00e4sident hat betont, dass diese neuen Stuhl  entsteht mit der Absicht der wird einen nationalen Bezugspunkt auf dem Wissen von chronischen Krankheiten und in der Generation der wissenschaftlichen Erkenntnisse in diesem Bereich &#8221;. Dieser Stuhl, w\u00e4hrend mehr als einem Jahr Arbeit, ausgeheckt soll Forschung f\u00f6rdern, Studie und Realisierung von wissenschaftlichen und klinischen Arbeit im Bereich der chronischen Patientenversorgung. <\/p>\n<p>Jos\u00e9 Luis Llisterri, sagte, dass Gesundheitsversorgung f\u00fcr chronisch Kranke Ver\u00e4nderungen in der Gesundheitspolitik und der Organisation von Hilfe, die von einem Modell der Aufmerksamkeit f\u00fcr die akute Krankheit (Episoden Heilung), um ein Modell der Versorgung bei chronischen Erkrankungen, bei denen Patienten umfasst, Betreuer, Angeh\u00f6rige der Gesundheitsberufe und Gesundheitssystem sind f\u00fcr ein vollst\u00e4ndiges Management der Chronizit\u00e4t aus Sicht der Bev\u00f6lkerung koordiniert. <\/p>\n<p>F\u00fcr seinen Teil, Jos\u00e9 Alfredo Peris, Rektor der UCV, die Wette von der UCV von Interdisziplinarit\u00e4t hinzugef\u00fcgt hat  hat eine Achse der Konvergenz, die zusammen uns strategische Option bringt die unser Projekt des Campus of Excellence ist internationale Campus Capacitas: Behinderung und Abh\u00e4ngigkeit f\u00fcr eine nachhaltige Wirtschaft &#8221;. In diesem Sinne hat festgestellt,  das Thema von diesem Stuhl integriert sich perfekt in diesem Horizont: die erste Frage, das entspricht \u00fcber eine chronische Krankheit zu tun ist nicht das, was sie tun k\u00f6nnen, aber was ja kann so dass Sie weiterhin Mobilisierung ihrer Menschenw\u00fcrde in einer Haltung des anderen,, die ohne jeden Zweifel wird seinem eigenen Nutzen &#8221;. <\/p>\n<p><strong>Strategische Forschung Linien<\/strong> <\/p>\n<p>Diese Zusammenarbeit Abkommens Probleme zun\u00e4chst als strategische Linien der Forschung f\u00fcr einen Zeitraum von vier Jahren, von 2012 bis 2016, chronischer Herzinsuffizienz und chronischer Nierenerkrankung, beide weit reichende Gesundheit und Wirtschaft in unserem Land. In diesem Sinne hat der Pr\u00e4sident des SEMERGEN erkl\u00e4rt, dass beide Krankheiten Chronizit\u00e4t Paradigma f\u00fcr seine Beziehung zu altern, langfristige Beeintr\u00e4chtigung der Lebensqualit\u00e4t und hohe Komorbidit\u00e4t sind. <\/p>\n<p>Innerhalb der umfassendes Paket von Ma\u00dfnahmen, die dieses \u00dcbereinkommen beginnt, bereits \u00fcbereingekommen, die mehrere Thesen f\u00fcr das laufende Jahr zu initiieren, sowie Durchf\u00fchrung von zwei Kurse auf Chronizit\u00e4t, verschiedene Aktivit\u00e4ten in Zusammenarbeit mit verschiedenen \u00f6ffentlichen und privaten Institutionen, mehrere Mitteilungen zu Kongressen und Konferenzen des Verweises vorzulegen sowie unterzeichnen ein Abkommen mit der Universit\u00e4t Miguel Hern\u00e1ndez ausf\u00fchren ein Meister der Chronizit\u00e4t (2012-2013) und ein Forum der Diskussion (auf Jahresbasis) nach dem Vorbild der Grundversorgung in Spanien zu erstellen. <\/p>\n<p>Der Vorsitz f\u00fchrt auch diese Ausbildungsaktivit\u00e4ten und Ver\u00f6ffentlichungen aus Arbeit und Studien, die zur Entwicklung und Konsolidierung von \u00c4rzten und medizinischem Personal beitragen. Die Entwicklung dieser Aktivit\u00e4ten wird durch die Fakult\u00e4t von der UCV durchgef\u00fchrt werden. <\/p>\n<p>Ein weiteres wesentliches Ziel, zusammen mit der allgemeinen und beruflichen Bildung Aktivit\u00e4ten ist die F\u00f6rderung Forschung auf integrierte chronische Erkrankungen, angefangen bei Aspekten der grundlegenden Wissenschaften wie Kliniken und angewendet, Links zwischen Gesundheitsexperten Spanier und Ausl\u00e4nder auch in diesem Bereich zu erstellen versucht. <\/p>\n<p>In den Worten von Pere Fern\u00e1ndez, \u00e4rztlicher Direktor und Innovation im Gesundheitswesen von ESTEVE  Projekte wie den Stuhl helfen, st\u00e4rken unsere Pr\u00e4senz als Partner der Referenz f\u00fcr alle Akteure im Gesundheitswesen, im Bereich der Chronizit\u00e4t, f\u00fcr den alleinigen Zweck der Verbesserung der Hoffnung und Verbesserung der Lebensqualit\u00e4t chronisch Kranke &#8221;. <\/p>\n<p><strong>Organigramm des<\/strong> <\/p>\n<p>Der Lehrk\u00f6rper des Stuhls wird durch die \u00c4rzte, Jos\u00e9 Luis Llisterri, Vicente Pallar\u00e9s, Francisco Valls und Gil Vicente, letztere in beratender Funktion gebildet; Statistische Beratung wird in der UCV und die Sekret\u00e4rin Paula S\u00e1nchez betreuen. <\/p>\n<p>Ebenso werden der Direktor des Stuhles Jos\u00e9 Luis Llisterri, die, zusammen mit der akademische Beirat, direkte und Erh\u00f6hung die Entwicklung des \u00dcbereinkommens, erstellt das Programm der Aktivit\u00e4ten des Lehrstuhls und schl\u00e4gt das Board of Directors die allgemeinen Linien der Arbeit, sowie einen Jahresplan mit Aktivit\u00e4ten f\u00fcr die Entwicklung und den Zeitplan f\u00fcr die Umsetzung der gleichen. Es werden auch verantwortlich f\u00fcr die Organisation und Koordination der Aktivit\u00e4ten des Lehrstuhls und der Wirtschaftsf\u00fchrung der gleichen. <\/p>\n<p>Kurz gesagt, der Pr\u00e4sident von SEMERGEN hat sichergestellt, dass das B\u00fcndnis zwischen der UCA, ESTEVE und SEMERGEN  stellt zur Verf\u00fcgung der Studenten, Bewohner, \u00c4rzte, Gesundheitsberufe, Patienten, Pflegepersonal und Gesellschaft im allgemeinen voraus Forschung und Ausbildung in Chronizit\u00e4t. Die Strategie der chronischen &#8211; abgeschlossen wurde &#8211; \u00e4ndert sich die Leben von Patienten und Pflegepersonal, ebenso wie die Profis, die mehr Zeit f\u00fcr mehr Wert haben, werden Vorg\u00e4nge hinzugef\u00fcgt und weniger Routine Aufgaben (Rezepte, administrative, etc..)&#8221;. <\/p>\n<p>\u00dcber ESTEVE <\/p>\n<p> ESTEVE (www.esteve.com) ist eine f\u00fchrende Pharmazeutische Gruppe in Spanien und eine starke internationale Pr\u00e4senz. Seit seiner Gr\u00fcndung im Jahre 1929, unterh\u00e4lt ein starkes Engagement f\u00fcr Exzellenz, alle ihre Bem\u00fchungen zur F\u00f6rderung der Gesundheit und Verbesserung der Qualit\u00e4t des Lebens der Menschen zu widmen. ESTEVE Forschung stellt ihre wichtigsten Markenzeichen und verf\u00fcgt \u00fcber ein Portfolio von hochinnovativen Projekten deren endg\u00fcltige Antworten auf medizinische Bed\u00fcrfnisse nicht angemessen abgedeckt soll. <\/p>\n<p><strong>\u00dcber die UCV <br \/><\/strong> <br \/>Der katholischen Universit\u00e4t von Valencia  San Vicente Martir &#8221; wurde gegr\u00fcndet am 8., Dezember 2003 die Universit\u00e4t zuvor durchgef\u00fchrt durch die University School of nursing &#8220;Ntra.&#8221; &#8220;Frau de Los Desamparados&#8221; Edetania Foundation und der Fakult\u00e4t f\u00fcr Betriebswirtschaftslehre. Die Suche UCV zur gleichen Zeit, eine anspruchsvolle Qualit\u00e4t des universit\u00e4ren Lebens: die gemeinsame Arbeit zwischen Glaube und Vernunft; die St\u00e4rkung einer echten Universit\u00e4t Gemeinschaft in einer Atmosph\u00e4re der akademischen Freundschaft; und der Zweck des Erstellens und Verwaltens einer einzigartig personalisierten p\u00e4dagogischen Beziehung mit der Universit\u00e4t. <\/p>\n<p><strong>\u00dcber die SEMERGEN <br \/><\/strong> <br \/>Die spanische Gesellschaft der \u00c4rzte in der Prim\u00e4rversorgung, SEMERGEN ist der Pionier der Grundversorgung in Spanien, mit 37 Jahren Erfahrung. Er wurde gegr\u00fcndet mit dem Ziel der F\u00f6rderung der Familienmedizin, durch die Erhaltung und Verbesserung der Fachkompetenz der \u00c4rzte, F\u00f6rderung der Forschung und die Weiterbildung des Arztes zu erleichtern, um die Qualit\u00e4t in der Pflege der Gesundheit der B\u00fcrger zu erhalten. <\/p>\n<p>Es hat 17 regionale Delegationen und demokratische Wahlen alle 4 Jahre stattfinden. SEMERGEN Stiftung wurde 1999 gegr\u00fcndet. Seine drei\u00dfig-vierte nationale Kongress, sowie Dutzende von regionalen Konferenzen in diesem Jahr stattfinden. <\/p>\n<p><\/font><\/p>\n","protected":false},"excerpt":{"rendered":"<p>SEMERGEN und ESTEVE Erstellen einer Chronizit\u00e4t Stuhl zusammen mit der katholischen Universit\u00e4t von Valencia -Eines der wesentlichen Ziele der Stuhl neben den Bildungs- und Ausbildungsma\u00dfnahmen ist die F\u00f6rderung Forschung integriert Pathologie Chronicles. -Herzinsuffizienz und chronischer Nierenerkrankung sind, zun\u00e4chst, die Hauptachsen auf dem Drehen der Lehre und Forschung arbeiten. Valencia, April 2012.- Die spanische Gesellschaft der [&hellip;]<\/p>\n","protected":false},"author":1,"featured_media":0,"comment_status":"close","ping_status":"open","sticky":false,"template":"","format":"standard","meta":{"footnotes":""},"categories":[3],"tags":[14763],"class_list":["post-5050","post","type-post","status-publish","format-standard","hentry","category-allgemeine","tag-lymphom-non-hodgkin","et-doesnt-have-format-content","et_post_format-et-post-format-standard"],"_links":{"self":[{"href":"https:\/\/www.best-dentist-dentistry.com\/de\/wp-json\/wp\/v2\/posts\/5050","targetHints":{"allow":["GET"]}}],"collection":[{"href":"https:\/\/www.best-dentist-dentistry.com\/de\/wp-json\/wp\/v2\/posts"}],"about":[{"href":"https:\/\/www.best-dentist-dentistry.com\/de\/wp-json\/wp\/v2\/types\/post"}],"author":[{"embeddable":true,"href":"https:\/\/www.best-dentist-dentistry.com\/de\/wp-json\/wp\/v2\/users\/1"}],"replies":[{"embeddable":true,"href":"https:\/\/www.best-dentist-dentistry.com\/de\/wp-json\/wp\/v2\/comments?post=5050"}],"version-history":[{"count":0,"href":"https:\/\/www.best-dentist-dentistry.com\/de\/wp-json\/wp\/v2\/posts\/5050\/revisions"}],"wp:attachment":[{"href":"https:\/\/www.best-dentist-dentistry.com\/de\/wp-json\/wp\/v2\/media?parent=5050"}],"wp:term":[{"taxonomy":"category","embeddable":true,"href":"https:\/\/www.best-dentist-dentistry.com\/de\/wp-json\/wp\/v2\/categories?post=5050"},{"taxonomy":"post_tag","embeddable":true,"href":"https:\/\/www.best-dentist-dentistry.com\/de\/wp-json\/wp\/v2\/tags?post=5050"}],"curies":[{"name":"wp","href":"https:\/\/api.w.org\/{rel}","templated":true}]}}