{"id":5058,"date":"2012-04-09T03:30:52","date_gmt":"2012-04-09T03:30:52","guid":{"rendered":null},"modified":"-0001-11-30T00:00:00","modified_gmt":"-0001-11-30T00:00:00","slug":"1st-congress-of-primary-care-of-la-rioja-aims-to-improve-communication-with-specialized-medicine","status":"publish","type":"post","link":"https:\/\/www.best-dentist-dentistry.com\/de\/1st-congress-of-primary-care-of-la-rioja-aims-to-improve-communication-with-specialized-medicine\/5058","title":{"rendered":"1. Kongress der Grundversorgung der La Rioja soll zur Verbesserung der Kommunikation mit der spezialisierten Medizin."},"content":{"rendered":"<p><font   size=\"2\"> <strong><font size=\"3\"> ich Kongress der Grundversorgung der La Rioja soll zur Verbesserung der Kommunikation mit der spezialisierten Medizin.<\/font> <\/p>\n<p>Logro\u00f1o, April 2012.-<\/strong> La Grundversorgung ist das  Gateway &#8221;, das Gesundheitssystem und seine Fachleute h\u00e4ngen Verweisung auf andere Bereiche. Damit Kommunikation und Gel\u00e4ufigkeit unter Fachleuten ist nicht nur notwendig, ist wesentlich. Bewusst, haben Grundversorgung Profis Einberufung den 1. Kongress der Prim\u00e4rversorgung von La Rioja, die im Zentrum der Gesundheit von Arnedo, mehr als hundert Fachleute aus der 28. bis 30. M\u00e4rz zusammengebracht, und setzt auf die Zusammenarbeit der offiziellen Schule der \u00c4rzte von La Riojadie aus-Gesellschaft von Familie und Gemeinschaft Medizin, die Vereinigung der Krankenpflege Gemeinschaft, die Regierung von La Rioja, die Organisation Pflege prim\u00e4re ohne Rauch, Organisation College of nursing, das offizielle College von Physiotherapeuten La Rioja und der Hebammen Association La Rioja. <\/p>\n<p>F\u00fcr den Pr\u00e4sidenten des ersten Kongresses der prim\u00e4ren Pflege von La Rioja, Dr. Calvo Mercedes, es notwendig war, ein Seminar zu analysieren und verbessern die Kommunikation zwischen prim\u00e4ren Pflege Praktiker und die zweite Ebene der Gesundheitsversorgung zu organisieren, vor allem im Kontext der Krise als die sind derzeit leben. Dr. Calvo weist darauf hin, dass prim\u00e4re Gesundheitsversorgung ist das Tor zum Gesundheitssystem und pflegen eine gute Kommunikation mit spezialisierten Fachleuten ist wichtig, weil  die Beziehung zwischen den Fachkr\u00e4ften hat Auswirkungen auf die Patienten &#8221;. Weist darauf hin, im \u00fcbrigen, dass  Grundversorgung ist vorrangig an der Rezeption des dringenden F\u00e4llen. Dieser Kongress, die zum ersten Mal zusammenkommen werden Fachleute in prim\u00e4re Pflege von La Rioja, soll auch eine T\u00fcr zu starten die regelm\u00e4\u00dfige Zusammenk\u00fcnfte mit der Krankenhaus-Stiftung der Calahorra und schaffen Grundlagen und Leitlinien zur Verbesserung der Kommunikation zwischen Experten und daher der Patient care &#8221;. <\/p>\n<p>Der erste Tag, 28. M\u00e4rz, war die offizielle Schule der \u00c4rzte von La Rioja-freie Kommunikation gewidmet. Am n\u00e4chsten Tag die Er\u00f6ffnungsfeier fand in das Teatro Cervantes de Arnedo in Anwesenheit des Pr\u00e4sidenten der Gemeinschaft La Rioja, Herr Pedro Sanz, der B\u00fcrgermeister von Arnedo, D. Juan Antonio Abad, der Minister f\u00fcr Gesundheit und soziale Dienste. Herr Jos\u00e9 Ignacio Nieto, der Pr\u00e4sident der Gesellschaft aus der Medizin der Familie und der Gemeinschaft, Herr Tom\u00e1s Garc\u00eda, und der Pr\u00e4sident des ersten Kongresses der Grundversorgung von La Rioja, Mercedes Calvo. Unter den Sprechern waren es medizinische-Kinder\u00e4rzte, Kardiologen, Spezialist f\u00fcr Geriatrie, Physiotherapeuten, Krankenschwestern, usw. <\/p>\n<p>Der erste Runde Tisch fallen auf  noch offenen Fragen in der Prim\u00e4rversorgung &#8221; und wurde moderiert von Fernando Gallo, \u00e4rztlicher Direktor der medizinischen Grundversorgung und die 061. Behandelt Themen wie Teamarbeit, den Sinn der Gemeinschaft Medizin in La Rioja und die Verbesserung der Qualit\u00e4t im Gesundheitszentrum. Dar\u00fcber hinaus gab es sechs Workshops \u00fcber die Verwendung von der subkutanen, Umgang mit Jugendlichen, die N\u00fctzlichkeit des Web 2.0, stillen, Altenpflege und neuromuskul\u00e4re Verband. <\/p>\n<p>Die N\u00fctzlichkeit von Ultraschall in der Prim\u00e4rversorgung war das Thema, das am Tag von Freitag, 30. M\u00e4rz ge\u00f6ffnet, in dem sie weiterhin Workshops initiiert und entwickelt verschiedene Papiere \u00fcber den aktuellen Zustand der Dosierung Krankenschwester in der Prim\u00e4rversorgung, klinische F\u00e4lle f\u00fcr das Management von VorhofflimmernWie Sie bauen ein Blog f\u00fcr ein Team der Grundversorgung in drei\u00dfig Minuten oder einem Workshop der Lachtherapie. Au\u00dferdem gab es ein Treffen von Physiotherapeuten und einen runden Tisch \u00fcber die moderierte von Dr. Domingo Orozco chronische Patientenversorgung. <\/p>\n<p>Die Abschlusskonferenz anvertraut wurde Carlos Matute, Professor f\u00fcr Anatomie und Neurologie von der UPV, der auf degenerativen Erkrankungen sprechen wird. Bereich Direktor der Gesundheit von La Rioja war verantwortlich f\u00fcr die Schlie\u00dfung des Kongresses, die mit einem Preis f\u00fcr die beste Kommunikation endete. <br \/><\/font><\/p>\n","protected":false},"excerpt":{"rendered":"<p>ich Kongress der Grundversorgung der La Rioja soll zur Verbesserung der Kommunikation mit der spezialisierten Medizin. Logro\u00f1o, April 2012.- La Grundversorgung ist das Gateway &#8221;, das Gesundheitssystem und seine Fachleute h\u00e4ngen Verweisung auf andere Bereiche. Damit Kommunikation und Gel\u00e4ufigkeit unter Fachleuten ist nicht nur notwendig, ist wesentlich. Bewusst, haben Grundversorgung Profis Einberufung den 1. Kongress [&hellip;]<\/p>\n","protected":false},"author":1,"featured_media":0,"comment_status":"close","ping_status":"open","sticky":false,"template":"","format":"standard","meta":{"footnotes":""},"categories":[3],"tags":[14779,14777,14778],"class_list":["post-5058","post","type-post","status-publish","format-standard","hentry","category-allgemeine","tag-brlogroo","tag-chemosat","tag-spezialisierten","et-doesnt-have-format-content","et_post_format-et-post-format-standard"],"_links":{"self":[{"href":"https:\/\/www.best-dentist-dentistry.com\/de\/wp-json\/wp\/v2\/posts\/5058","targetHints":{"allow":["GET"]}}],"collection":[{"href":"https:\/\/www.best-dentist-dentistry.com\/de\/wp-json\/wp\/v2\/posts"}],"about":[{"href":"https:\/\/www.best-dentist-dentistry.com\/de\/wp-json\/wp\/v2\/types\/post"}],"author":[{"embeddable":true,"href":"https:\/\/www.best-dentist-dentistry.com\/de\/wp-json\/wp\/v2\/users\/1"}],"replies":[{"embeddable":true,"href":"https:\/\/www.best-dentist-dentistry.com\/de\/wp-json\/wp\/v2\/comments?post=5058"}],"version-history":[{"count":0,"href":"https:\/\/www.best-dentist-dentistry.com\/de\/wp-json\/wp\/v2\/posts\/5058\/revisions"}],"wp:attachment":[{"href":"https:\/\/www.best-dentist-dentistry.com\/de\/wp-json\/wp\/v2\/media?parent=5058"}],"wp:term":[{"taxonomy":"category","embeddable":true,"href":"https:\/\/www.best-dentist-dentistry.com\/de\/wp-json\/wp\/v2\/categories?post=5058"},{"taxonomy":"post_tag","embeddable":true,"href":"https:\/\/www.best-dentist-dentistry.com\/de\/wp-json\/wp\/v2\/tags?post=5058"}],"curies":[{"name":"wp","href":"https:\/\/api.w.org\/{rel}","templated":true}]}}