{"id":5082,"date":"2012-04-10T02:28:30","date_gmt":"2012-04-10T02:28:30","guid":{"rendered":""},"modified":"2012-04-10T13:31:28","modified_gmt":"2012-04-10T13:31:28","slug":"the-school-and-health-sectors-by-the-announced-adjustments","status":"publish","type":"post","link":"https:\/\/www.best-dentist-dentistry.com\/de\/the-school-and-health-sectors-by-the-announced-adjustments\/5082","title":{"rendered":"Die Schule und Gesundheit, Sektoren durch die angek\u00fcndigten Anpassungen"},"content":{"rendered":"<p class=\"first\"> Madrid, 9 APR (EFE).-Vertreter der Sektoren Gesundheit und Bildung haben heute kritisiert, die Mehrdeutigkeit und Unsicherheit, die Anpassungen von der Regierung in diesen Sektoren zu generieren und \u00e4u\u00dferten ihre Ratlosigkeit \u00fcber die Ank\u00fcndigung von 10 Milliarden in Bildung und Gesundheit speichern.<\/p>\n<p>Consultadas von Efe, mehrere medizinische Organisationen und Patienten haben darauf hingewiesen, dass das Gesundheitssystem braucht Reformen seine Nachhaltigkeit sicherzustellen und in einem Pakt Zustand erkennen, aber sie haben davor gewarnt, dass es nicht um jeden Preis werden kann.<\/p>\n<p>Der Minister f\u00fcr Wirtschaft, Luis Guindos, erkl\u00e4rte, dass sie optimieren und koordinieren, Gesundheit und Bildung mit den autonomen Gemeinschaften, Ma\u00dfnahmen zur Beseitigung von Redundanzen und, die nachhaltig sind.<\/p>\n<p>Die Regierung bietet, zwar keine f\u00fcr die Einrichtung von Gesundheit Co-Pay zur des Defizits von Black Cherry gemildert hat es ja eine progressive Zahlung je nach Einkommen es in der Erw\u00e4gung, dass die PP eine &#8220;pers\u00f6nliche Reflexion&#8221; des Ministers als wurde Ausgabe.<\/p>\n<p>Stunden sp\u00e4ter die Regierung angek\u00fcndigt, nach einer Sitzung des gesch\u00e4ftsf\u00fchrenden Direktors, Mariano Rajoy, mit mehreren Ministern in La Moncloa, die bietet eine Ersparnis von mehr als 10 Milliarden Euro im Gesundheits- und Bildungswesen, mit einer gr\u00f6\u00dferen Rationalisierung der Ausgaben, Beseitigung von \u00dcberschneidungen und verbessert die Effizienz in der Verwaltung.<\/p>\n<p>Nach dieser Ank\u00fcndigung, der Pr\u00e4sident der Organisation Arzt College, Jos\u00e9 Rodr\u00edguez Send\u00edn, bem\u00e4ngelte, dass diese K\u00fcrzungen nicht \u00fcbersetzt werden und &#8220;\u00fcberrascht&#8221;, dass von einem Tag zum anderen, die Regierung Anpassungen in H\u00f6he von 10 Milliarden Euro in diesen Bereichen plant wurde.<\/p>\n<p>Anweisungen zu EFE, Send\u00edn, sagte: &#8220;Wir m\u00f6chten wissen, die Wahrheit, mit Schattierungen;&#8221; und obwohl es in der Notwendigkeit, Ma\u00dfnahmen zur Eind\u00e4mmung der Ausgaben zusammenf\u00e4llt, hat die &#8220;Unsicherheit&#8221;, die diese Art von anzeigen im Volk, zu generieren, die seiner Ansicht nach &#8220;G\u00e4nsehaut&#8221; beklagt.<\/p>\n<p>&#8220;Jeden Tag ist eine neue Geschichte&#8221;, sagte der Vorsitzende der WTO hat die Regierung aufgefordert, zu kl\u00e4ren, wo geschnitten oder welche Ma\u00dfnahmen getroffen werden, um diese Einsparungen zu erreichen.<\/p>\n<p>Der Pr\u00e4sident der spanischen Bund der Vereinigungen von Eltern und M\u00fctter von Sch\u00fclern (CEAPA), Jesus Sanchez, wurde &#8220;verwirrt&#8221; auch \u00fcber die oben genannten Ank\u00fcndigung und hat daf\u00fcr gesorgt, dass sie nicht wissen, was zu erwarten ist.<\/p>\n<p>&#8220;Wir sind bereits gegen die K\u00fcrzungen angek\u00fcndigt, bevor Letzteres, aber dar\u00fcber hinaus, die bereits wissen wir nicht wohin sie gehen, um diesen neuen Einstellungen zu \u00fcbernehmen.&#8221; &#8220;In jedem Fall inakzeptabel halte&#8221;, sagte EfE.<\/p>\n<p>In der gleichen Vene, der Generalsekret\u00e4r des Verbandes der Lehre des CC.OO, Jos\u00e9 Campos, beschrieb die Einstellung &#8220;Wildheit und Barbarei&#8221;.<\/p>\n<p>Der Minister f\u00fcr Bildung, entsprechend, sollte soziale Akteure, die Pl\u00e4ne zu erkl\u00e4ren, dass er f\u00fcr die Bildung und vorhergesagt hat, dass \u00f6ffentliche Bildung die heidnischen Schnitte werden erf\u00fcllen.<\/p>\n<p>Die Klarheit der Regierung beschwert hatte, vorher zu wissen, die H\u00f6he der Anpassungen, der Generalsekret\u00e4r der National Confederation of Trade Unions (CESM) und Sprecher f\u00fcr das Forum der \u00c4rzteschaft, Patricio Martinez, der beklagt, dass &#8220;wir nicht wissen, von wo sie werden Reformen gehen&#8221;.<\/p>\n<p>Nach Dr. Martinez, der Co-Pay w\u00fcrde nicht ausreichen, um angemessene Finanzierung sicherzustellen und w\u00e4re daher &#8220;eine Alternative Ma\u00dfnahme nach vielen anderen, darunter einer Facelift klar und in der Tiefe das b\u00fcrokratische und administrative System der autonomen Gemeinschaften zu tun&#8221;.<\/p>\n<p>. Der Sprecher des Verbandes der Vereinigungen zur Verteidigung der \u00f6ffentlichen Gesundheit (FADSP), Marciano S\u00e1nchez, hat daf\u00fcr gesorgt, dass Gesundheit brauchen angemessene Finanzierung, die stammen aus Steuern und werden vermieden &#8220;absurde Verschwendung&#8221;.<\/p>\n<p>Um Effizienzsteigerung, pharmazeutische Ausgaben zu reduzieren, vermeiden die \u00dcberbeanspruchung der Technologie und der sogenannten \u00f6ffentlich-privaten Zusammenarbeit ein Ende gesetzt, w\u00fcrde drei Ma\u00dfnahmen, die er erkl\u00e4rte, eine Einsparung von zwischen 7.000 und 8.000 Millionen Euro j\u00e4hrlich vorgeschlagen.<\/p>\n<p>Im Namen von Benutzern, Alejandro Toledo, Pr\u00e4sident der allgemeinen Allianz von Patienten, hat beschwert, die &#8220;jeden Tag wachen wir mit einer neuen Geschichte, dass \u00dcberraschungen uns&#8221; und hatte bekundet ihre Bereitschaft zur Zusammenarbeit auf die Nachhaltigkeit des Systems, &#8220;aber nicht um jeden Preis&#8221;.<\/p>\n<p>Unter der Schulgemeinschaft, \u00e4u\u00dferte der Pr\u00e4sident der Gewerkschaft Beamten Bildung CSI-F, Elisha Moreno, eine &#8220;totale \u00dcberraschung&#8221; wenn Bildung ist bereits &#8220;unter Minimum&#8221; und der Raum f\u00fcr Man\u00f6ver &#8220;sehr klein&#8221; ist.<\/p>\n<p>Jesus Pueyo, Generalsekret\u00e4r der Gewerkschaft SEVENTYS ahnte das w\u00e4re &#8220;Schnitte in Schnitten&#8221;, die wurde als &#8220;verr\u00fcckt&#8221; bezeichnet wenn Politiker, Vorzeichen, den Mund f\u00fcllen zu sagen, dass Bildung die grundlegenden Engine.<\/p>\n<p>Der Pr\u00e4sident der Konf\u00f6deration der Eltern (CONCAPA), Luis Carbonel, stimmte, die Kostensenkung im Bildungsbereich ist ein &#8220;Fehler&#8221;, auch in Zeiten der Krise, seit das ist nicht Aufwand, sondern eine Investition.<\/p>\n<p>Der Pr\u00e4sident des Koordinierungsausschusses der Vertreter der Studenten der Universit\u00e4ten \u00d6ffentlichkeit (CREUP), Mar\u00eda Jos\u00e9 Romero, beklagte die &#8220;sehr grosse&#8221; Unsicherheiten, die sich aus dieser Art von Werbung und erinnerte daran, dass Bildung ein &#8220;\u00f6ffentliches gut&#8221;.<\/p>\n","protected":false},"excerpt":{"rendered":"<p>Madrid, 9 APR (EFE).-Vertreter der Sektoren Gesundheit und Bildung haben heute kritisiert, die Mehrdeutigkeit und Unsicherheit, die Anpassungen von der Regierung in diesen Sektoren zu generieren und \u00e4u\u00dferten ihre Ratlosigkeit \u00fcber die Ank\u00fcndigung von 10 Milliarden in Bildung und Gesundheit speichern. Consultadas von Efe, mehrere medizinische Organisationen und Patienten haben darauf hingewiesen, dass das Gesundheitssystem [&hellip;]<\/p>\n","protected":false},"author":1,"featured_media":0,"comment_status":"closed","ping_status":"open","sticky":false,"template":"","format":"standard","meta":{"footnotes":""},"categories":[3],"tags":[14812,14813,695,1299,344,14810,377,14911,458,5963,1315,417,1093,13384,7048,6963,14811,13234,641,14912,4992],"class_list":["post-5082","post","type-post","status-publish","format-standard","hentry","category-allgemeine","tag-angekndigten","tag-anpassungen","tag-bildung","tag-euro","tag-gemeinschaft","tag-gerechtfertigt","tag-gesundheit","tag-kurzung","tag-madrid","tag-nachhaltigkeit","tag-prsident","tag-progressive","tag-regierung","tag-rte","tag-schnitte","tag-sektor","tag-sektoren","tag-sident","tag-tag","tag-ter","tag-wirtschaft","et-doesnt-have-format-content","et_post_format-et-post-format-standard"],"_links":{"self":[{"href":"https:\/\/www.best-dentist-dentistry.com\/de\/wp-json\/wp\/v2\/posts\/5082","targetHints":{"allow":["GET"]}}],"collection":[{"href":"https:\/\/www.best-dentist-dentistry.com\/de\/wp-json\/wp\/v2\/posts"}],"about":[{"href":"https:\/\/www.best-dentist-dentistry.com\/de\/wp-json\/wp\/v2\/types\/post"}],"author":[{"embeddable":true,"href":"https:\/\/www.best-dentist-dentistry.com\/de\/wp-json\/wp\/v2\/users\/1"}],"replies":[{"embeddable":true,"href":"https:\/\/www.best-dentist-dentistry.com\/de\/wp-json\/wp\/v2\/comments?post=5082"}],"version-history":[{"count":0,"href":"https:\/\/www.best-dentist-dentistry.com\/de\/wp-json\/wp\/v2\/posts\/5082\/revisions"}],"wp:attachment":[{"href":"https:\/\/www.best-dentist-dentistry.com\/de\/wp-json\/wp\/v2\/media?parent=5082"}],"wp:term":[{"taxonomy":"category","embeddable":true,"href":"https:\/\/www.best-dentist-dentistry.com\/de\/wp-json\/wp\/v2\/categories?post=5082"},{"taxonomy":"post_tag","embeddable":true,"href":"https:\/\/www.best-dentist-dentistry.com\/de\/wp-json\/wp\/v2\/tags?post=5082"}],"curies":[{"name":"wp","href":"https:\/\/api.w.org\/{rel}","templated":true}]}}